{"id":13447,"date":"2024-03-25T20:43:02","date_gmt":"2024-03-25T19:43:02","guid":{"rendered":"https:\/\/www.sp11.gliwice.pl\/?p=13447"},"modified":"2024-03-25T20:43:09","modified_gmt":"2024-03-25T19:43:09","slug":"13447","status":"publish","type":"post","link":"https:\/\/www.sp11.gliwice.pl\/?p=13447","title":{"rendered":"Dzie\u0144 Wody"},"content":{"rendered":"<p><span style=\"color: #000000;\">Co roku, 22 marca, na \u015bwiecie obchodzony jest \u015awiatowy Dzie\u0144 Wody. Celebruj\u0105 go tak\u017ce nasze przedszkolaki \ud83d\ude42<\/span><br \/>\n<span style=\"color: #000000;\">W tym wa\u017cnym dniu, nasze przedszkolaki dowiedzia\u0142y si\u0119 jak wa\u017cna dla naszego \u015brodowiska jest woda, oraz jak wa\u017cne jest jej oszcz\u0119dzanie. Dzi\u0119ki obejrzeniu film\u00f3w edukacyjnych dowiedzieli\u015bmy si\u0119 sk\u0105d bierze si\u0119 woda i jak j\u0105 oszcz\u0119dza\u0107.<\/span><\/p>\n<p style=\"text-align: right;\"><em>mgr Katarzyna Szyd\u0142o<\/em><\/p>\nngg_shortcode_0_placeholder\n","protected":false},"excerpt":{"rendered":"<p>Co roku, 22 marca, na \u015bwiecie obchodzony jest \u015awiatowy Dzie\u0144 Wody. Celebruj\u0105 go tak\u017ce nasze przedszkolaki \ud83d\ude42 W tym wa\u017cnym dniu, nasze przedszkolaki dowiedzia\u0142y si\u0119 [&hellip;]<\/p>\n","protected":false},"author":3,"featured_media":13448,"comment_status":"closed","ping_status":"closed","sticky":false,"template":"","format":"standard","meta":{"ngg_post_thumbnail":0,"footnotes":""},"categories":[4],"tags":[],"class_list":["post-13447","post","type-post","status-publish","format-standard","has-post-thumbnail","hentry","category-aktualnosci"],"_links":{"self":[{"href":"https:\/\/www.sp11.gliwice.pl\/index.php?rest_route=\/wp\/v2\/posts\/13447","targetHints":{"allow":["GET"]}}],"collection":[{"href":"https:\/\/www.sp11.gliwice.pl\/index.php?rest_route=\/wp\/v2\/posts"}],"about":[{"href":"https:\/\/www.sp11.gliwice.pl\/index.php?rest_route=\/wp\/v2\/types\/post"}],"author":[{"embeddable":true,"href":"https:\/\/www.sp11.gliwice.pl\/index.php?rest_route=\/wp\/v2\/users\/3"}],"replies":[{"embeddable":true,"href":"https:\/\/www.sp11.gliwice.pl\/index.php?rest_route=%2Fwp%2Fv2%2Fcomments&post=13447"}],"version-history":[{"count":2,"href":"https:\/\/www.sp11.gliwice.pl\/index.php?rest_route=\/wp\/v2\/posts\/13447\/revisions"}],"predecessor-version":[{"id":13450,"href":"https:\/\/www.sp11.gliwice.pl\/index.php?rest_route=\/wp\/v2\/posts\/13447\/revisions\/13450"}],"wp:featuredmedia":[{"embeddable":true,"href":"https:\/\/www.sp11.gliwice.pl\/index.php?rest_route=\/wp\/v2\/media\/13448"}],"wp:attachment":[{"href":"https:\/\/www.sp11.gliwice.pl\/index.php?rest_route=%2Fwp%2Fv2%2Fmedia&parent=13447"}],"wp:term":[{"taxonomy":"category","embeddable":true,"href":"https:\/\/www.sp11.gliwice.pl\/index.php?rest_route=%2Fwp%2Fv2%2Fcategories&post=13447"},{"taxonomy":"post_tag","embeddable":true,"href":"https:\/\/www.sp11.gliwice.pl\/index.php?rest_route=%2Fwp%2Fv2%2Ftags&post=13447"}],"curies":[{"name":"wp","href":"https:\/\/api.w.org\/{rel}","templated":true}]}}