{"id":13440,"date":"2024-03-25T20:33:31","date_gmt":"2024-03-25T19:33:31","guid":{"rendered":"https:\/\/www.sp11.gliwice.pl\/?p=13440"},"modified":"2024-03-25T20:33:31","modified_gmt":"2024-03-25T19:33:31","slug":"13440","status":"publish","type":"post","link":"https:\/\/www.sp11.gliwice.pl\/?p=13440","title":{"rendered":""},"content":{"rendered":"<p><span style=\"color: #000000;\">21 marca corocznie obchodzony jest \u015awiatowy Dzie\u0144 Zespo\u0142u Downa. Jego symbolem sta\u0142y si\u0119 kolorowe, niedopasowane do siebie skarpetki, kt\u00f3re zak\u0142adamy jako wyraz solidarno\u015bci z osobami z zespo\u0142em Downa i ich bliskimi.<\/span><\/p>\n<p><span style=\"color: #000000;\">Z tej okazji w niedziel\u0119 24 marca 2024 Fundacja To\u015bka i Przyjaciele zorganizowa\u0142a III Gliwicki Bieg Kolorowych Skarpetek wraz z integracyjnym piknikiem sportowym, w kt\u00f3rym uczestniczyli Wolontariusze naszej szko\u0142y \ud83d\ude42<\/span><\/p>\n<p style=\"text-align: right;\"><em>mgr Alicja Cielesta<\/em><\/p>\nngg_shortcode_0_placeholder\n","protected":false},"excerpt":{"rendered":"<p>21 marca corocznie obchodzony jest \u015awiatowy Dzie\u0144 Zespo\u0142u Downa. Jego symbolem sta\u0142y si\u0119 kolorowe, niedopasowane do siebie skarpetki, kt\u00f3re zak\u0142adamy jako wyraz solidarno\u015bci z osobami [&hellip;]<\/p>\n","protected":false},"author":3,"featured_media":13441,"comment_status":"closed","ping_status":"closed","sticky":false,"template":"","format":"standard","meta":{"ngg_post_thumbnail":0,"footnotes":""},"categories":[4],"tags":[],"class_list":["post-13440","post","type-post","status-publish","format-standard","has-post-thumbnail","hentry","category-aktualnosci"],"_links":{"self":[{"href":"https:\/\/www.sp11.gliwice.pl\/index.php?rest_route=\/wp\/v2\/posts\/13440","targetHints":{"allow":["GET"]}}],"collection":[{"href":"https:\/\/www.sp11.gliwice.pl\/index.php?rest_route=\/wp\/v2\/posts"}],"about":[{"href":"https:\/\/www.sp11.gliwice.pl\/index.php?rest_route=\/wp\/v2\/types\/post"}],"author":[{"embeddable":true,"href":"https:\/\/www.sp11.gliwice.pl\/index.php?rest_route=\/wp\/v2\/users\/3"}],"replies":[{"embeddable":true,"href":"https:\/\/www.sp11.gliwice.pl\/index.php?rest_route=%2Fwp%2Fv2%2Fcomments&post=13440"}],"version-history":[{"count":1,"href":"https:\/\/www.sp11.gliwice.pl\/index.php?rest_route=\/wp\/v2\/posts\/13440\/revisions"}],"predecessor-version":[{"id":13442,"href":"https:\/\/www.sp11.gliwice.pl\/index.php?rest_route=\/wp\/v2\/posts\/13440\/revisions\/13442"}],"wp:featuredmedia":[{"embeddable":true,"href":"https:\/\/www.sp11.gliwice.pl\/index.php?rest_route=\/wp\/v2\/media\/13441"}],"wp:attachment":[{"href":"https:\/\/www.sp11.gliwice.pl\/index.php?rest_route=%2Fwp%2Fv2%2Fmedia&parent=13440"}],"wp:term":[{"taxonomy":"category","embeddable":true,"href":"https:\/\/www.sp11.gliwice.pl\/index.php?rest_route=%2Fwp%2Fv2%2Fcategories&post=13440"},{"taxonomy":"post_tag","embeddable":true,"href":"https:\/\/www.sp11.gliwice.pl\/index.php?rest_route=%2Fwp%2Fv2%2Ftags&post=13440"}],"curies":[{"name":"wp","href":"https:\/\/api.w.org\/{rel}","templated":true}]}}