{"id":13426,"date":"2024-03-21T20:18:39","date_gmt":"2024-03-21T19:18:39","guid":{"rendered":"https:\/\/www.sp11.gliwice.pl\/?p=13426"},"modified":"2024-03-21T20:18:39","modified_gmt":"2024-03-21T19:18:39","slug":"przedszkolaki-witaja-wiosne","status":"publish","type":"post","link":"https:\/\/www.sp11.gliwice.pl\/?p=13426","title":{"rendered":"Przedszkolaki witaj\u0105 wiosn\u0119 :)"},"content":{"rendered":"<p><span style=\"color: #000000;\">Jest! Nareszcie!&nbsp;<\/span><\/p>\n<div dir=\"auto\"><span style=\"color: #000000;\">Wszyscy na ni\u0105 czekali&#8230; i duzi i mali.&nbsp;<\/span><\/div>\n<div dir=\"auto\"><span style=\"color: #000000;\">Wiosna! Pi\u0119kna pora roku. Nieodzownym elementem by\u0142o jej przywitanie , co zrobi\u0142y nasze przedszkolaki, maszeruj\u0105c uliczkami naszej dzielnicy w barwnym korowodzie z pi\u0119knymi gaikami w r\u0105czkach. Wiosno, zosta\u0144 z nami jak najd\u0142u\u017cej!<\/span><\/div>\n<div dir=\"auto\" style=\"text-align: right;\"><em>mgr Cecylia Pierzcha\u0142a<\/em><\/div>\n<div dir=\"auto\">ngg_shortcode_0_placeholder<\/div>\n","protected":false},"excerpt":{"rendered":"<p>Jest! Nareszcie!&nbsp; Wszyscy na ni\u0105 czekali&#8230; i duzi i mali.&nbsp; Wiosna! Pi\u0119kna pora roku. Nieodzownym elementem by\u0142o jej przywitanie , co zrobi\u0142y nasze przedszkolaki, maszeruj\u0105c [&hellip;]<\/p>\n","protected":false},"author":3,"featured_media":13427,"comment_status":"closed","ping_status":"closed","sticky":false,"template":"","format":"standard","meta":{"ngg_post_thumbnail":0,"footnotes":""},"categories":[4],"tags":[],"class_list":["post-13426","post","type-post","status-publish","format-standard","has-post-thumbnail","hentry","category-aktualnosci"],"_links":{"self":[{"href":"https:\/\/www.sp11.gliwice.pl\/index.php?rest_route=\/wp\/v2\/posts\/13426","targetHints":{"allow":["GET"]}}],"collection":[{"href":"https:\/\/www.sp11.gliwice.pl\/index.php?rest_route=\/wp\/v2\/posts"}],"about":[{"href":"https:\/\/www.sp11.gliwice.pl\/index.php?rest_route=\/wp\/v2\/types\/post"}],"author":[{"embeddable":true,"href":"https:\/\/www.sp11.gliwice.pl\/index.php?rest_route=\/wp\/v2\/users\/3"}],"replies":[{"embeddable":true,"href":"https:\/\/www.sp11.gliwice.pl\/index.php?rest_route=%2Fwp%2Fv2%2Fcomments&post=13426"}],"version-history":[{"count":1,"href":"https:\/\/www.sp11.gliwice.pl\/index.php?rest_route=\/wp\/v2\/posts\/13426\/revisions"}],"predecessor-version":[{"id":13428,"href":"https:\/\/www.sp11.gliwice.pl\/index.php?rest_route=\/wp\/v2\/posts\/13426\/revisions\/13428"}],"wp:featuredmedia":[{"embeddable":true,"href":"https:\/\/www.sp11.gliwice.pl\/index.php?rest_route=\/wp\/v2\/media\/13427"}],"wp:attachment":[{"href":"https:\/\/www.sp11.gliwice.pl\/index.php?rest_route=%2Fwp%2Fv2%2Fmedia&parent=13426"}],"wp:term":[{"taxonomy":"category","embeddable":true,"href":"https:\/\/www.sp11.gliwice.pl\/index.php?rest_route=%2Fwp%2Fv2%2Fcategories&post=13426"},{"taxonomy":"post_tag","embeddable":true,"href":"https:\/\/www.sp11.gliwice.pl\/index.php?rest_route=%2Fwp%2Fv2%2Ftags&post=13426"}],"curies":[{"name":"wp","href":"https:\/\/api.w.org\/{rel}","templated":true}]}}