{"id":13386,"date":"2024-03-19T20:20:06","date_gmt":"2024-03-19T19:20:06","guid":{"rendered":"https:\/\/www.sp11.gliwice.pl\/?p=13386"},"modified":"2024-03-19T20:20:06","modified_gmt":"2024-03-19T19:20:06","slug":"maly-okr-2024","status":"publish","type":"post","link":"https:\/\/www.sp11.gliwice.pl\/?p=13386","title":{"rendered":"Ma\u0142y OKR 2024"},"content":{"rendered":"<p><span style=\"color: #000000;\"><strong>MA\u0141Y OKR 2024<\/strong><\/span><\/p>\n<p><span style=\"color: #000000;\"><strong>&nbsp;<\/strong>&nbsp;&nbsp;&nbsp;&nbsp;&nbsp;&nbsp;&nbsp; Z olbrzymi\u0105 dum\u0105 i rado\u015bci\u0105 informujemy, \u017ce <strong>Hanna Szewczyk <\/strong>\u2013 uczennica kl. 7a naszej Szko\u0142y, zaj\u0119\u0142a <strong>3. miejsce<\/strong> w kategorii klas VII &#8211; VIII w eliminacjach miejskich Og\u00f3lnopolskiego Konkursu Recytatorskiego MA\u0141Y OKR 2024, kt\u00f3ry odby\u0142 si\u0119 w dniu 18 marca 2024 r. na scenie teatralnej ,,Stara Kot\u0142ownia\u201d w M\u0142odzie\u017cowym Domu Kultury w Gliwicach.<\/span><\/p>\n<p><span style=\"color: #000000;\">&nbsp;&nbsp;&nbsp;&nbsp;&nbsp;&nbsp;&nbsp;&nbsp;&nbsp;&nbsp;&nbsp; Dodajmy, \u017ce w ubieg\u0142ym roku Hania reprezentowa\u0142a nasze miasto w Regionalnym Konkursie Recytatorskim MA\u0141Y OKR w Katowicach, zajmuj\u0105c w eliminacjach miejskich 1. miejsce w kategorii klas IV \u2013 VI.<\/span><\/p>\n<p><span style=\"color: #000000;\">&nbsp;&nbsp;&nbsp;&nbsp;&nbsp;&nbsp;&nbsp;&nbsp;&nbsp;&nbsp;&nbsp; W tym roku nasz\u0105 Szko\u0142\u0119 reprezentowa\u0142y r\u00f3wnie\u017c: Julia Miarecka z k. 8a \u2013 w kategorii klasa VII \u2013 VIII oraz Maja Czysz z kl. 4a i Zuzanna Pyka z kl. 6a \u2013 w kategorii kl. IV \u2013 VI.<\/span><\/p>\n<p><span style=\"color: #000000;\">&nbsp;&nbsp;&nbsp;&nbsp;&nbsp;&nbsp;&nbsp;&nbsp;&nbsp;&nbsp;&nbsp; Bardzo cieszymy si\u0119 z Waszego udzia\u0142u w konkursie i \u017cyczymy Wam sukces\u00f3w w przysz\u0142o\u015bci!<\/span><\/p>\n<p style=\"text-align: right;\"><em>mgr Izabella Jureczko<\/em><\/p>\nngg_shortcode_0_placeholder\n","protected":false},"excerpt":{"rendered":"<p>MA\u0141Y OKR 2024 &nbsp;&nbsp;&nbsp;&nbsp;&nbsp;&nbsp;&nbsp;&nbsp; Z olbrzymi\u0105 dum\u0105 i rado\u015bci\u0105 informujemy, \u017ce Hanna Szewczyk \u2013 uczennica kl. 7a naszej Szko\u0142y, zaj\u0119\u0142a 3. miejsce w kategorii klas [&hellip;]<\/p>\n","protected":false},"author":3,"featured_media":13387,"comment_status":"closed","ping_status":"closed","sticky":false,"template":"","format":"standard","meta":{"ngg_post_thumbnail":0,"footnotes":""},"categories":[4],"tags":[],"class_list":["post-13386","post","type-post","status-publish","format-standard","has-post-thumbnail","hentry","category-aktualnosci"],"_links":{"self":[{"href":"https:\/\/www.sp11.gliwice.pl\/index.php?rest_route=\/wp\/v2\/posts\/13386","targetHints":{"allow":["GET"]}}],"collection":[{"href":"https:\/\/www.sp11.gliwice.pl\/index.php?rest_route=\/wp\/v2\/posts"}],"about":[{"href":"https:\/\/www.sp11.gliwice.pl\/index.php?rest_route=\/wp\/v2\/types\/post"}],"author":[{"embeddable":true,"href":"https:\/\/www.sp11.gliwice.pl\/index.php?rest_route=\/wp\/v2\/users\/3"}],"replies":[{"embeddable":true,"href":"https:\/\/www.sp11.gliwice.pl\/index.php?rest_route=%2Fwp%2Fv2%2Fcomments&post=13386"}],"version-history":[{"count":1,"href":"https:\/\/www.sp11.gliwice.pl\/index.php?rest_route=\/wp\/v2\/posts\/13386\/revisions"}],"predecessor-version":[{"id":13388,"href":"https:\/\/www.sp11.gliwice.pl\/index.php?rest_route=\/wp\/v2\/posts\/13386\/revisions\/13388"}],"wp:featuredmedia":[{"embeddable":true,"href":"https:\/\/www.sp11.gliwice.pl\/index.php?rest_route=\/wp\/v2\/media\/13387"}],"wp:attachment":[{"href":"https:\/\/www.sp11.gliwice.pl\/index.php?rest_route=%2Fwp%2Fv2%2Fmedia&parent=13386"}],"wp:term":[{"taxonomy":"category","embeddable":true,"href":"https:\/\/www.sp11.gliwice.pl\/index.php?rest_route=%2Fwp%2Fv2%2Fcategories&post=13386"},{"taxonomy":"post_tag","embeddable":true,"href":"https:\/\/www.sp11.gliwice.pl\/index.php?rest_route=%2Fwp%2Fv2%2Ftags&post=13386"}],"curies":[{"name":"wp","href":"https:\/\/api.w.org\/{rel}","templated":true}]}}