{"id":13379,"date":"2024-03-17T20:14:10","date_gmt":"2024-03-17T19:14:10","guid":{"rendered":"https:\/\/www.sp11.gliwice.pl\/?p=13379"},"modified":"2024-03-17T20:14:33","modified_gmt":"2024-03-17T19:14:33","slug":"13379","status":"publish","type":"post","link":"https:\/\/www.sp11.gliwice.pl\/?p=13379","title":{"rendered":"\u015awi\u0119to Liczby \u03c0"},"content":{"rendered":"<p><strong><span style=\"color: #000000;\">\u015awi\u0119to&nbsp; Liczby \u03c0<\/span><\/strong><\/p>\n<p><span style=\"color: #000000;\">14 marca obchodzi swoje \u015bwi\u0119to liczba \u03c0, zwana tak\u017ce ludolfin\u0105.<\/span><\/p>\n<p><span style=\"color: #000000;\">Tego dnia &#8211; 3.14 &#8211; uczniowie klasy V w sk\u0142adzie: Natalia Wojdyna, Paulina Pagacz, Adam M\u0142odawski, Bartosz Fieback i Alan Lemczak, wzi\u0119li udzia\u0142 w konkursie zorganizowanym przez Szko\u0142\u0119 Podstawow\u0105 z Oddzia\u0142ami Integracyjnymi nr 21 w So\u015bnicy, na cze\u015b\u0107 liczby \u03c0. Uczniowie rozwi\u0105zywali r\u00f3\u017cne zadania w postaci krzy\u017c\u00f3wek, uk\u0142adanek, wycinanek i wielu innych, \u015bwietnie si\u0119 przy tym bawi\u0105c.<\/span><\/p>\n<p><span style=\"color: #000000;\">\u03c0<em> = <\/em><em>3,141592 653589 793238 462643 383279 502884 197169 399375 105820<\/em><em>\u2026<\/em><\/span><\/p>\n<p><span style=\"color: #000000;\"><em>&nbsp;<\/em><em>Kto i bada i liczy,<br \/>\n<\/em><em>My\u015bliciel to wielki.<br \/>\n<\/em><em>Myli\u0107 si\u0119 zwyk\u0142 jednak\u017ce<br \/>\n<\/em><em>Matematyk wszelki.<\/em><\/span><\/p>\n<p><span style=\"color: #000000;\">W styczniu 2020 Timothy Mullican uzyska\u0142 dok\u0142adno\u015b\u0107 50 bilion\u00f3w miejsc po przecinku liczby&nbsp; przy pomocy programu y-cruncher. Obliczenia zaj\u0119\u0142y 303 dni, a sama liczba zaj\u0119\u0142a ok. 281 TB miejsca.<\/span><\/p>\n<p style=\"text-align: right;\"><em>mgr in\u017c. Urszula Skubacz<\/em><\/p>\nngg_shortcode_0_placeholder\n","protected":false},"excerpt":{"rendered":"<p>\u015awi\u0119to&nbsp; Liczby \u03c0 14 marca obchodzi swoje \u015bwi\u0119to liczba \u03c0, zwana tak\u017ce ludolfin\u0105. Tego dnia &#8211; 3.14 &#8211; uczniowie klasy V w sk\u0142adzie: Natalia Wojdyna, [&hellip;]<\/p>\n","protected":false},"author":3,"featured_media":13380,"comment_status":"closed","ping_status":"closed","sticky":false,"template":"","format":"standard","meta":{"ngg_post_thumbnail":0,"footnotes":""},"categories":[4],"tags":[],"class_list":["post-13379","post","type-post","status-publish","format-standard","has-post-thumbnail","hentry","category-aktualnosci"],"_links":{"self":[{"href":"https:\/\/www.sp11.gliwice.pl\/index.php?rest_route=\/wp\/v2\/posts\/13379","targetHints":{"allow":["GET"]}}],"collection":[{"href":"https:\/\/www.sp11.gliwice.pl\/index.php?rest_route=\/wp\/v2\/posts"}],"about":[{"href":"https:\/\/www.sp11.gliwice.pl\/index.php?rest_route=\/wp\/v2\/types\/post"}],"author":[{"embeddable":true,"href":"https:\/\/www.sp11.gliwice.pl\/index.php?rest_route=\/wp\/v2\/users\/3"}],"replies":[{"embeddable":true,"href":"https:\/\/www.sp11.gliwice.pl\/index.php?rest_route=%2Fwp%2Fv2%2Fcomments&post=13379"}],"version-history":[{"count":2,"href":"https:\/\/www.sp11.gliwice.pl\/index.php?rest_route=\/wp\/v2\/posts\/13379\/revisions"}],"predecessor-version":[{"id":13382,"href":"https:\/\/www.sp11.gliwice.pl\/index.php?rest_route=\/wp\/v2\/posts\/13379\/revisions\/13382"}],"wp:featuredmedia":[{"embeddable":true,"href":"https:\/\/www.sp11.gliwice.pl\/index.php?rest_route=\/wp\/v2\/media\/13380"}],"wp:attachment":[{"href":"https:\/\/www.sp11.gliwice.pl\/index.php?rest_route=%2Fwp%2Fv2%2Fmedia&parent=13379"}],"wp:term":[{"taxonomy":"category","embeddable":true,"href":"https:\/\/www.sp11.gliwice.pl\/index.php?rest_route=%2Fwp%2Fv2%2Fcategories&post=13379"},{"taxonomy":"post_tag","embeddable":true,"href":"https:\/\/www.sp11.gliwice.pl\/index.php?rest_route=%2Fwp%2Fv2%2Ftags&post=13379"}],"curies":[{"name":"wp","href":"https:\/\/api.w.org\/{rel}","templated":true}]}}