{"id":13342,"date":"2024-03-15T13:10:17","date_gmt":"2024-03-15T12:10:17","guid":{"rendered":"https:\/\/www.sp11.gliwice.pl\/?p=13342"},"modified":"2024-03-15T13:10:17","modified_gmt":"2024-03-15T12:10:17","slug":"kolejne-sukcesy-naszych-uczniow-2","status":"publish","type":"post","link":"https:\/\/www.sp11.gliwice.pl\/?p=13342","title":{"rendered":"Kolejne sukcesy naszych uczni\u00f3w :)"},"content":{"rendered":"<div dir=\"auto\">\n<div dir=\"auto\"><span style=\"color: #000000;\">22 lutego 2024 r. nast\u0105pi\u0142o podsumowanie XII edycji Mi\u0119dzyszkolnego Konkursu Plastycznego pt.: \u201eNocne marki lasu niewiele robi\u0105 ha\u0142asu&#8221;, zorganizowanego przez SP3, pod honorowym patronatem Nadle\u015bnictwa Rudziniec.<\/span><\/div>\n<div dir=\"auto\">&nbsp;<\/div>\n<div dir=\"auto\"><span style=\"color: #000000;\">Uczniowie naszej szko\u0142y znale\u017ali si\u0119 w gronie laureat\u00f3w konkursu.&nbsp;<\/span><\/div>\n<div dir=\"auto\">&nbsp;<\/div>\n<div dir=\"auto\"><span style=\"color: #000000;\">Grupa najm\u0142odsza \u2013 klasy I \u2013 III<\/span><\/div>\n<div dir=\"auto\"><span style=\"color: #000000;\">II miejsce: Antoni M\u0142odawski, lat 8, kl. I<\/span><\/div>\n<div dir=\"auto\">&nbsp;<\/div>\n<div dir=\"auto\"><span style=\"color: #000000;\">Grupa \u015brednia \u2013 klasy IV \u2013 VI<\/span><\/div>\n<div dir=\"auto\"><span style=\"color: #000000;\">I miejsce: Julia Straszak, lat 12, kl. VI<\/span><\/div>\n<div dir=\"auto\">&nbsp;<\/div>\n<div dir=\"auto\"><span style=\"color: #000000;\">Grupa najstarsza \u2013 klasy VII \u2013 VIII<\/span><\/div>\n<div dir=\"auto\"><span style=\"color: #000000;\">Wyr\u00f3\u017cnienie: Natalia Zieli\u0144ska, lat 14, kl. VII<\/span><\/div>\n<div dir=\"auto\">&nbsp;<\/div>\n<div dir=\"auto\"><span style=\"color: #000000;\">Serdecznie gratulujemy \ud83d\ude42<\/span><\/div>\n<div dir=\"auto\">ngg_shortcode_0_placeholder<\/div>\n<\/div>\n","protected":false},"excerpt":{"rendered":"<p>22 lutego 2024 r. nast\u0105pi\u0142o podsumowanie XII edycji Mi\u0119dzyszkolnego Konkursu Plastycznego pt.: \u201eNocne marki lasu niewiele robi\u0105 ha\u0142asu&#8221;, zorganizowanego przez SP3, pod honorowym patronatem Nadle\u015bnictwa [&hellip;]<\/p>\n","protected":false},"author":3,"featured_media":13343,"comment_status":"closed","ping_status":"closed","sticky":false,"template":"","format":"standard","meta":{"ngg_post_thumbnail":0,"footnotes":""},"categories":[4],"tags":[],"class_list":["post-13342","post","type-post","status-publish","format-standard","has-post-thumbnail","hentry","category-aktualnosci"],"_links":{"self":[{"href":"https:\/\/www.sp11.gliwice.pl\/index.php?rest_route=\/wp\/v2\/posts\/13342","targetHints":{"allow":["GET"]}}],"collection":[{"href":"https:\/\/www.sp11.gliwice.pl\/index.php?rest_route=\/wp\/v2\/posts"}],"about":[{"href":"https:\/\/www.sp11.gliwice.pl\/index.php?rest_route=\/wp\/v2\/types\/post"}],"author":[{"embeddable":true,"href":"https:\/\/www.sp11.gliwice.pl\/index.php?rest_route=\/wp\/v2\/users\/3"}],"replies":[{"embeddable":true,"href":"https:\/\/www.sp11.gliwice.pl\/index.php?rest_route=%2Fwp%2Fv2%2Fcomments&post=13342"}],"version-history":[{"count":1,"href":"https:\/\/www.sp11.gliwice.pl\/index.php?rest_route=\/wp\/v2\/posts\/13342\/revisions"}],"predecessor-version":[{"id":13344,"href":"https:\/\/www.sp11.gliwice.pl\/index.php?rest_route=\/wp\/v2\/posts\/13342\/revisions\/13344"}],"wp:featuredmedia":[{"embeddable":true,"href":"https:\/\/www.sp11.gliwice.pl\/index.php?rest_route=\/wp\/v2\/media\/13343"}],"wp:attachment":[{"href":"https:\/\/www.sp11.gliwice.pl\/index.php?rest_route=%2Fwp%2Fv2%2Fmedia&parent=13342"}],"wp:term":[{"taxonomy":"category","embeddable":true,"href":"https:\/\/www.sp11.gliwice.pl\/index.php?rest_route=%2Fwp%2Fv2%2Fcategories&post=13342"},{"taxonomy":"post_tag","embeddable":true,"href":"https:\/\/www.sp11.gliwice.pl\/index.php?rest_route=%2Fwp%2Fv2%2Ftags&post=13342"}],"curies":[{"name":"wp","href":"https:\/\/api.w.org\/{rel}","templated":true}]}}