{"id":13307,"date":"2024-03-11T09:35:22","date_gmt":"2024-03-11T08:35:22","guid":{"rendered":"https:\/\/www.sp11.gliwice.pl\/?p=13307"},"modified":"2024-03-11T09:35:22","modified_gmt":"2024-03-11T08:35:22","slug":"dzien-kobiet-w-przedszkolu-3","status":"publish","type":"post","link":"https:\/\/www.sp11.gliwice.pl\/?p=13307","title":{"rendered":"Dzie\u0144 Kobiet w przedszkolu"},"content":{"rendered":"<p><span style=\"color: #000000;\">Dzie\u0144 kobiet! Dzie\u0144 kobiet!<\/span><br \/>\n<span style=\"color: #000000;\"> Niech ka\u017cdy si\u0119 dowie, <\/span><br \/>\n<span style=\"color: #000000;\">\u017ce dzisiaj jest \u015bwi\u0119to dziewczynek! <\/span><\/p>\nngg_shortcode_0_placeholder\n<p><span style=\"color: #000000;\">Pami\u0119taj\u0105 Misie! Hop siup tralala!<\/span><br \/>\n<span style=\"color: #000000;\">Wstydz\u0105 si\u0119 im pysie, ha ha hahaha!<\/span><\/p>\nngg_shortcode_1_placeholder\n<p><span style=\"color: #000000;\">A w \u017babkach&#8230;<\/span><br \/>\n<span style=\"color: #000000;\">By\u0142 taki kto\u015b, kogo nie zast\u0105pi nikt! By\u0142 taki dzie\u0144, Min\u0105\u0142 tak jak wszystkie dni&#8230;<\/span><\/p>\nngg_shortcode_2_placeholder\n<p><span style=\"color: #000000;\">Z kolei u Puchatk\u00f3w\u2026<\/span><br \/>\n<span style=\"color: #000000;\">Zamigota\u0142 \u015bwiat tysi\u0105cem barw!<\/span><br \/>\n<span style=\"color: #000000;\">Tysi\u0105c nowych \u017cycze\u0144, przywia\u0142 wiatr<\/span><\/p>\nngg_shortcode_3_placeholder\n<p><span style=\"color: #000000;\">A panowie w Motylkach\u2026<\/span><br \/>\n<span style=\"color: #000000;\">A w\u0142a\u015bciwie\u2026<\/span><br \/>\n<span style=\"color: #000000;\">A wszystko to, bo Was kochamy!<\/span><\/p>\n<p><span style=\"color: #000000;\">Nie wiemy tylko jak tu bez Was d\u0142u\u017cej \u017cy\u0107&#8230;<\/span><br \/>\n<span style=\"color: #000000;\">Poka\u017cemy Wam czym nasza mi\u0142o\u015b\u0107 jest!<\/span><br \/>\n<span style=\"color: #000000;\">Dla Was b\u0119dziemy grzeczni dzi\u015b!<\/span><br \/>\n<span style=\"color: #000000;\">I nie tylko \ud83d\ude09<\/span><\/p>\n<p><span style=\"color: #000000;\">Wszystkie Panie, i ma\u0142e, i du\u017ce!<\/span><br \/>\n<span style=\"color: #000000;\">U\u015bmiechy s\u0105 dla Was, \u017cyczenia i kwiaty! <\/span><br \/>\n<span style=\"color: #000000;\">A te\u017c piosenka niech radia pop\u0142ynie!<\/span><\/p>\n<p><span style=\"color: #000000;\">\u017bycz\u0105 Panowie, przedszkolakowie!<\/span><\/p>\n","protected":false},"excerpt":{"rendered":"<p>Dzie\u0144 kobiet! Dzie\u0144 kobiet! Niech ka\u017cdy si\u0119 dowie, \u017ce dzisiaj jest \u015bwi\u0119to dziewczynek! &nbsp; Pami\u0119taj\u0105 Misie! Hop siup tralala! Wstydz\u0105 si\u0119 im pysie, ha ha [&hellip;]<\/p>\n","protected":false},"author":3,"featured_media":13308,"comment_status":"closed","ping_status":"closed","sticky":false,"template":"","format":"standard","meta":{"ngg_post_thumbnail":0,"footnotes":""},"categories":[4],"tags":[],"class_list":["post-13307","post","type-post","status-publish","format-standard","has-post-thumbnail","hentry","category-aktualnosci"],"_links":{"self":[{"href":"https:\/\/www.sp11.gliwice.pl\/index.php?rest_route=\/wp\/v2\/posts\/13307","targetHints":{"allow":["GET"]}}],"collection":[{"href":"https:\/\/www.sp11.gliwice.pl\/index.php?rest_route=\/wp\/v2\/posts"}],"about":[{"href":"https:\/\/www.sp11.gliwice.pl\/index.php?rest_route=\/wp\/v2\/types\/post"}],"author":[{"embeddable":true,"href":"https:\/\/www.sp11.gliwice.pl\/index.php?rest_route=\/wp\/v2\/users\/3"}],"replies":[{"embeddable":true,"href":"https:\/\/www.sp11.gliwice.pl\/index.php?rest_route=%2Fwp%2Fv2%2Fcomments&post=13307"}],"version-history":[{"count":1,"href":"https:\/\/www.sp11.gliwice.pl\/index.php?rest_route=\/wp\/v2\/posts\/13307\/revisions"}],"predecessor-version":[{"id":13309,"href":"https:\/\/www.sp11.gliwice.pl\/index.php?rest_route=\/wp\/v2\/posts\/13307\/revisions\/13309"}],"wp:featuredmedia":[{"embeddable":true,"href":"https:\/\/www.sp11.gliwice.pl\/index.php?rest_route=\/wp\/v2\/media\/13308"}],"wp:attachment":[{"href":"https:\/\/www.sp11.gliwice.pl\/index.php?rest_route=%2Fwp%2Fv2%2Fmedia&parent=13307"}],"wp:term":[{"taxonomy":"category","embeddable":true,"href":"https:\/\/www.sp11.gliwice.pl\/index.php?rest_route=%2Fwp%2Fv2%2Fcategories&post=13307"},{"taxonomy":"post_tag","embeddable":true,"href":"https:\/\/www.sp11.gliwice.pl\/index.php?rest_route=%2Fwp%2Fv2%2Ftags&post=13307"}],"curies":[{"name":"wp","href":"https:\/\/api.w.org\/{rel}","templated":true}]}}