{"id":13292,"date":"2024-03-07T22:48:59","date_gmt":"2024-03-07T21:48:59","guid":{"rendered":"https:\/\/www.sp11.gliwice.pl\/?p=13292"},"modified":"2024-03-07T22:48:59","modified_gmt":"2024-03-07T21:48:59","slug":"dzien-dentysty","status":"publish","type":"post","link":"https:\/\/www.sp11.gliwice.pl\/?p=13292","title":{"rendered":"Dzie\u0144 Dentysty"},"content":{"rendered":"<p><span style=\"color: #000000;\">&#8222;5 marca obchodzimy Og\u00f3lnopolski Dzie\u0144 Dentysty. Jego celem jest docenienie pracy stomatolog\u00f3w, a tak\u017ce podkre\u015blenie konieczno\u015bci dbania o zdrowy u\u015bmiech.<\/span><br \/>\n<span style=\"color: #000000;\">W tym dniu przedszkolaki dowiedzia\u0142y si\u0119 na czym polega praca dentysty, co jest dobre a co z\u0142e dla naszych z\u0119b\u00f3w. Dzieci wymieni\u0142y si\u0119 swoimi do\u015bwiadczeniami z wizyt w gabinetach dentystycznych oraz wsp\u00f3lnie przypomnieli\u015bmy sobie w jaki spos\u00f3b nale\u017cy dba\u0107 o z\u0119by, \u017ceby by\u0142y czyste i zdrowe.&#8221;<\/span><\/p>\n<p style=\"text-align: right;\"><em>mgr Magdalena Ga\u0142a<\/em><\/p>\nngg_shortcode_0_placeholder\n","protected":false},"excerpt":{"rendered":"<p>&#8222;5 marca obchodzimy Og\u00f3lnopolski Dzie\u0144 Dentysty. Jego celem jest docenienie pracy stomatolog\u00f3w, a tak\u017ce podkre\u015blenie konieczno\u015bci dbania o zdrowy u\u015bmiech. W tym dniu przedszkolaki dowiedzia\u0142y [&hellip;]<\/p>\n","protected":false},"author":3,"featured_media":13293,"comment_status":"closed","ping_status":"closed","sticky":false,"template":"","format":"standard","meta":{"ngg_post_thumbnail":0,"footnotes":""},"categories":[4],"tags":[],"class_list":["post-13292","post","type-post","status-publish","format-standard","has-post-thumbnail","hentry","category-aktualnosci"],"_links":{"self":[{"href":"https:\/\/www.sp11.gliwice.pl\/index.php?rest_route=\/wp\/v2\/posts\/13292","targetHints":{"allow":["GET"]}}],"collection":[{"href":"https:\/\/www.sp11.gliwice.pl\/index.php?rest_route=\/wp\/v2\/posts"}],"about":[{"href":"https:\/\/www.sp11.gliwice.pl\/index.php?rest_route=\/wp\/v2\/types\/post"}],"author":[{"embeddable":true,"href":"https:\/\/www.sp11.gliwice.pl\/index.php?rest_route=\/wp\/v2\/users\/3"}],"replies":[{"embeddable":true,"href":"https:\/\/www.sp11.gliwice.pl\/index.php?rest_route=%2Fwp%2Fv2%2Fcomments&post=13292"}],"version-history":[{"count":1,"href":"https:\/\/www.sp11.gliwice.pl\/index.php?rest_route=\/wp\/v2\/posts\/13292\/revisions"}],"predecessor-version":[{"id":13294,"href":"https:\/\/www.sp11.gliwice.pl\/index.php?rest_route=\/wp\/v2\/posts\/13292\/revisions\/13294"}],"wp:featuredmedia":[{"embeddable":true,"href":"https:\/\/www.sp11.gliwice.pl\/index.php?rest_route=\/wp\/v2\/media\/13293"}],"wp:attachment":[{"href":"https:\/\/www.sp11.gliwice.pl\/index.php?rest_route=%2Fwp%2Fv2%2Fmedia&parent=13292"}],"wp:term":[{"taxonomy":"category","embeddable":true,"href":"https:\/\/www.sp11.gliwice.pl\/index.php?rest_route=%2Fwp%2Fv2%2Fcategories&post=13292"},{"taxonomy":"post_tag","embeddable":true,"href":"https:\/\/www.sp11.gliwice.pl\/index.php?rest_route=%2Fwp%2Fv2%2Ftags&post=13292"}],"curies":[{"name":"wp","href":"https:\/\/api.w.org\/{rel}","templated":true}]}}