{"id":13256,"date":"2024-03-04T09:16:45","date_gmt":"2024-03-04T08:16:45","guid":{"rendered":"https:\/\/www.sp11.gliwice.pl\/?p=13256"},"modified":"2024-03-04T09:17:03","modified_gmt":"2024-03-04T08:17:03","slug":"bieg-pamieci","status":"publish","type":"post","link":"https:\/\/www.sp11.gliwice.pl\/?p=13256","title":{"rendered":"BIEG PAMI\u0118CI &#8230;"},"content":{"rendered":"<p><span style=\"color: #000000;\">Dzisiaj 1.03.24r. nasza szko\u0142a bra\u0142a udzia\u0142 w Biegu Pami\u0119ci \u017bo\u0142nierzy Wykl\u0119tych zorganizowanym przez ZSE- T w Gliwicach. Bieg ten mia\u0142 d\u0142ugo\u015b\u0107 1963 metr\u00f3w upami\u0119tniaj\u0105cy dat\u0119 \u015bmierci ostatniego \u017bo\u0142nierza Wykl\u0119tego.<\/span><\/p>\n<p style=\"text-align: right;\"><em>mgr Katarzyna Ogaza<\/em><\/p>\nngg_shortcode_0_placeholder\n","protected":false},"excerpt":{"rendered":"<p>Dzisiaj 1.03.24r. nasza szko\u0142a bra\u0142a udzia\u0142 w Biegu Pami\u0119ci \u017bo\u0142nierzy Wykl\u0119tych zorganizowanym przez ZSE- T w Gliwicach. Bieg ten mia\u0142 d\u0142ugo\u015b\u0107 1963 metr\u00f3w upami\u0119tniaj\u0105cy dat\u0119 [&hellip;]<\/p>\n","protected":false},"author":3,"featured_media":13257,"comment_status":"closed","ping_status":"closed","sticky":false,"template":"","format":"standard","meta":{"ngg_post_thumbnail":0,"footnotes":""},"categories":[4],"tags":[],"class_list":["post-13256","post","type-post","status-publish","format-standard","has-post-thumbnail","hentry","category-aktualnosci"],"_links":{"self":[{"href":"https:\/\/www.sp11.gliwice.pl\/index.php?rest_route=\/wp\/v2\/posts\/13256","targetHints":{"allow":["GET"]}}],"collection":[{"href":"https:\/\/www.sp11.gliwice.pl\/index.php?rest_route=\/wp\/v2\/posts"}],"about":[{"href":"https:\/\/www.sp11.gliwice.pl\/index.php?rest_route=\/wp\/v2\/types\/post"}],"author":[{"embeddable":true,"href":"https:\/\/www.sp11.gliwice.pl\/index.php?rest_route=\/wp\/v2\/users\/3"}],"replies":[{"embeddable":true,"href":"https:\/\/www.sp11.gliwice.pl\/index.php?rest_route=%2Fwp%2Fv2%2Fcomments&post=13256"}],"version-history":[{"count":2,"href":"https:\/\/www.sp11.gliwice.pl\/index.php?rest_route=\/wp\/v2\/posts\/13256\/revisions"}],"predecessor-version":[{"id":13259,"href":"https:\/\/www.sp11.gliwice.pl\/index.php?rest_route=\/wp\/v2\/posts\/13256\/revisions\/13259"}],"wp:featuredmedia":[{"embeddable":true,"href":"https:\/\/www.sp11.gliwice.pl\/index.php?rest_route=\/wp\/v2\/media\/13257"}],"wp:attachment":[{"href":"https:\/\/www.sp11.gliwice.pl\/index.php?rest_route=%2Fwp%2Fv2%2Fmedia&parent=13256"}],"wp:term":[{"taxonomy":"category","embeddable":true,"href":"https:\/\/www.sp11.gliwice.pl\/index.php?rest_route=%2Fwp%2Fv2%2Fcategories&post=13256"},{"taxonomy":"post_tag","embeddable":true,"href":"https:\/\/www.sp11.gliwice.pl\/index.php?rest_route=%2Fwp%2Fv2%2Ftags&post=13256"}],"curies":[{"name":"wp","href":"https:\/\/api.w.org\/{rel}","templated":true}]}}