{"id":13135,"date":"2024-02-20T20:48:40","date_gmt":"2024-02-20T19:48:40","guid":{"rendered":"https:\/\/www.sp11.gliwice.pl\/?p=13135"},"modified":"2024-02-20T20:48:40","modified_gmt":"2024-02-20T19:48:40","slug":"dzien-kota-2","status":"publish","type":"post","link":"https:\/\/www.sp11.gliwice.pl\/?p=13135","title":{"rendered":"Dzie\u0144 Kota"},"content":{"rendered":"<p><span style=\"color: #000000;\">&nbsp;&nbsp;&nbsp;&nbsp;&nbsp;&nbsp;&nbsp;&nbsp;&nbsp;&nbsp;&nbsp;&nbsp;&nbsp;&nbsp;&nbsp;&nbsp;&nbsp;&nbsp;&nbsp;&nbsp;&nbsp;&nbsp;&nbsp;&nbsp;&nbsp;&nbsp;&nbsp;&nbsp;&nbsp;&nbsp;&nbsp;&nbsp;&nbsp;&nbsp;&nbsp;&nbsp; <strong>DZIE\u0143&nbsp; KOTA&nbsp; W&nbsp; PRZEDSZKOLU<\/strong><\/span><\/p>\n<p><span style=\"color: #000000;\"><strong><em>\u2026. Bywam czarny, szary, bury\u2026 Wydeptuj\u0119 w\u0142asne \u015bcie\u017cki.<\/em><\/strong><\/span><\/p>\n<p><span style=\"color: #000000;\"><strong><em>&nbsp;Na m\u00f3j widok-&nbsp; myk do dziury!&nbsp; &#8211; robi\u0105 wszystkie przera\u017cone myszki\u2026<\/em><\/strong><\/span><\/p>\n<p>&nbsp;&nbsp;&nbsp;&nbsp;<span style=\"color: #000000;\"> W poniedzia\u0142ek w naszym przedszkolu obchodzili\u015bmy Dzie\u0144 Kota..<\/span><\/p>\n<p><span style=\"color: #000000;\">To ciekawa i oryginalna forma edukacji, polegaj\u0105ca na przeprowadzeniu zaj\u0119\u0107 po\u015bwi\u0119conych tym uroczym zwierz\u0105tkom. Celem&nbsp; jest zwi\u0119kszenie wiedzy dzieci na temat kot\u00f3w, oraz rozwijanie ich empatii i odpowiedzialno\u015bci za zwierz\u0119ta.<\/span><\/p>\n<p><span style=\"color: #000000;\">&nbsp;&nbsp;&nbsp;&nbsp; Nasze przedszkolaki obejrza\u0142y prezentacj\u0119 multimedialn\u0105, dowiedzia\u0142y si\u0119 r\u00f3\u017cnych ciekawostek zwi\u0105zanych z \u017cyciem i zachowaniem kot\u00f3w; by\u0142y zabawy, piosenki <\/span><span style=\"color: #000000;\">i\u2026\u2026 bardzo fajne prace plastyczne!<\/span><\/p>\n<p style=\"text-align: right;\"><em>mgr Cecylia Pierzcha\u0142a<\/em><\/p>\nngg_shortcode_0_placeholder\n","protected":false},"excerpt":{"rendered":"<p>&nbsp;&nbsp;&nbsp;&nbsp;&nbsp;&nbsp;&nbsp;&nbsp;&nbsp;&nbsp;&nbsp;&nbsp;&nbsp;&nbsp;&nbsp;&nbsp;&nbsp;&nbsp;&nbsp;&nbsp;&nbsp;&nbsp;&nbsp;&nbsp;&nbsp;&nbsp;&nbsp;&nbsp;&nbsp;&nbsp;&nbsp;&nbsp;&nbsp;&nbsp;&nbsp;&nbsp; DZIE\u0143&nbsp; KOTA&nbsp; W&nbsp; PRZEDSZKOLU \u2026. Bywam czarny, szary, bury\u2026 Wydeptuj\u0119 w\u0142asne \u015bcie\u017cki. &nbsp;Na m\u00f3j widok-&nbsp; myk do dziury!&nbsp; &#8211; robi\u0105 wszystkie przera\u017cone myszki\u2026 &nbsp;&nbsp;&nbsp;&nbsp; [&hellip;]<\/p>\n","protected":false},"author":3,"featured_media":13136,"comment_status":"closed","ping_status":"closed","sticky":false,"template":"","format":"standard","meta":{"ngg_post_thumbnail":0,"footnotes":""},"categories":[4],"tags":[],"class_list":["post-13135","post","type-post","status-publish","format-standard","has-post-thumbnail","hentry","category-aktualnosci"],"_links":{"self":[{"href":"https:\/\/www.sp11.gliwice.pl\/index.php?rest_route=\/wp\/v2\/posts\/13135","targetHints":{"allow":["GET"]}}],"collection":[{"href":"https:\/\/www.sp11.gliwice.pl\/index.php?rest_route=\/wp\/v2\/posts"}],"about":[{"href":"https:\/\/www.sp11.gliwice.pl\/index.php?rest_route=\/wp\/v2\/types\/post"}],"author":[{"embeddable":true,"href":"https:\/\/www.sp11.gliwice.pl\/index.php?rest_route=\/wp\/v2\/users\/3"}],"replies":[{"embeddable":true,"href":"https:\/\/www.sp11.gliwice.pl\/index.php?rest_route=%2Fwp%2Fv2%2Fcomments&post=13135"}],"version-history":[{"count":1,"href":"https:\/\/www.sp11.gliwice.pl\/index.php?rest_route=\/wp\/v2\/posts\/13135\/revisions"}],"predecessor-version":[{"id":13137,"href":"https:\/\/www.sp11.gliwice.pl\/index.php?rest_route=\/wp\/v2\/posts\/13135\/revisions\/13137"}],"wp:featuredmedia":[{"embeddable":true,"href":"https:\/\/www.sp11.gliwice.pl\/index.php?rest_route=\/wp\/v2\/media\/13136"}],"wp:attachment":[{"href":"https:\/\/www.sp11.gliwice.pl\/index.php?rest_route=%2Fwp%2Fv2%2Fmedia&parent=13135"}],"wp:term":[{"taxonomy":"category","embeddable":true,"href":"https:\/\/www.sp11.gliwice.pl\/index.php?rest_route=%2Fwp%2Fv2%2Fcategories&post=13135"},{"taxonomy":"post_tag","embeddable":true,"href":"https:\/\/www.sp11.gliwice.pl\/index.php?rest_route=%2Fwp%2Fv2%2Ftags&post=13135"}],"curies":[{"name":"wp","href":"https:\/\/api.w.org\/{rel}","templated":true}]}}