{"id":13049,"date":"2024-02-16T11:05:49","date_gmt":"2024-02-16T10:05:49","guid":{"rendered":"https:\/\/www.sp11.gliwice.pl\/?p=13049"},"modified":"2024-02-16T11:05:49","modified_gmt":"2024-02-16T10:05:49","slug":"wicemistrzowie-gliwic-w-badmintonie","status":"publish","type":"post","link":"https:\/\/www.sp11.gliwice.pl\/?p=13049","title":{"rendered":"Wicemistrzowie Gliwic w Badmintonie"},"content":{"rendered":"<div class=\"\" dir=\"auto\">\n<div id=\":r7k:\" class=\"x1iorvi4 x1pi30zi x1l90r2v x1swvt13\" data-ad-comet-preview=\"message\" data-ad-preview=\"message\">\n<div class=\"x78zum5 xdt5ytf xz62fqu x16ldp7u\">\n<div class=\"xu06os2 x1ok221b\">\n<div class=\"xdj266r x11i5rnm xat24cr x1mh8g0r x1vvkbs x126k92a\">\n<div dir=\"auto\"><span style=\"color: #000000;\">Dzisiaj nasi ch\u0142opcy zdobyli Wicemistrzostwo Gliwic w Igrzyskach Dzieci w Badmintonie<span class=\"x3nfvp2 x1j61x8r x1fcty0u xdj266r xhhsvwb xat24cr xgzva0m xxymvpz xlup9mm x1kky2od\"><img decoding=\"async\" class=\"xz74otr\" src=\"https:\/\/static.xx.fbcdn.net\/images\/emoji.php\/v9\/t6c\/1\/16\/1f4aa.png\" alt=\"\ud83d\udcaa\" width=\"16\" height=\"16\"><\/span><span class=\"x3nfvp2 x1j61x8r x1fcty0u xdj266r xhhsvwb xat24cr xgzva0m xxymvpz xlup9mm x1kky2od\"><img decoding=\"async\" class=\"xz74otr\" src=\"https:\/\/static.xx.fbcdn.net\/images\/emoji.php\/v9\/t15\/1\/16\/1f948.png\" alt=\"\ud83e\udd48\" width=\"16\" height=\"16\"><\/span>organizowanych przez <a class=\"x1i10hfl xjbqb8w x1ejq31n xd10rxx x1sy0etr x17r0tee x972fbf xcfux6l x1qhh985 xm0m39n x9f619 x1ypdohk xt0psk2 xe8uvvx xdj266r x11i5rnm xat24cr x1mh8g0r xexx8yu x4uap5 x18d9i69 xkhd6sd x16tdsg8 x1hl2dhg xggy1nq x1a2a7pz xt0b8zv x1fey0fg xo1l8bm\" style=\"color: #000000;\" tabindex=\"0\" role=\"link\" href=\"https:\/\/www.facebook.com\/SzkolnyZwiazekSportowywGliwicach?__cft__[0]=AZX9AOfpSQCBHNOI_RoaqM8Xk-JJgW6jxdUbxecDqVq9qliwjsyQOiH9Rpu5FvpwkxXIBwLLfdvQPTw3r6Nf1TueGqa_5DepPQN89aZxwQnLfmL7JWtxGsuiDpBAssEXSGKCHIHsreiGQQMmzexnaz05FIWPVTau9DByi6cImMjQNNsCJ0tRzLJfDibAzabg7X0&amp;__tn__=-]K-R\"><span class=\"xt0psk2\">Szkolny Zwi\u0105zek Sportowy w Gliwicach<\/span><\/a><\/span><\/div>\n<div dir=\"auto\"><span style=\"color: #000000;\">Reprezentacja w sk\u0142adzie :Cezary Kwieci\u0144ski- Brylok, Marcin Kastelik i Aleksander Grabiec dzielnie trenowa\u0142a pod czujnym okiem Pana Dyrektora <a class=\"x1i10hfl xjbqb8w x1ejq31n xd10rxx x1sy0etr x17r0tee x972fbf xcfux6l x1qhh985 xm0m39n x9f619 x1ypdohk xt0psk2 xe8uvvx xdj266r x11i5rnm xat24cr x1mh8g0r xexx8yu x4uap5 x18d9i69 xkhd6sd x16tdsg8 x1hl2dhg xggy1nq x1a2a7pz xt0b8zv x1fey0fg xo1l8bm\" style=\"color: #000000;\" tabindex=\"0\" role=\"link\" href=\"https:\/\/www.facebook.com\/wojciech.kijewski.7?__cft__[0]=AZX9AOfpSQCBHNOI_RoaqM8Xk-JJgW6jxdUbxecDqVq9qliwjsyQOiH9Rpu5FvpwkxXIBwLLfdvQPTw3r6Nf1TueGqa_5DepPQN89aZxwQnLfmL7JWtxGsuiDpBAssEXSGKCHIHsreiGQQMmzexnaz05FIWPVTau9DByi6cImMjQNNsCJ0tRzLJfDibAzabg7X0&amp;__tn__=-]K-R\"><span class=\"xt0psk2\">Wojciecha Kijewskiego<\/span><\/a>.<\/span><\/div>\n<div dir=\"auto\"><span style=\"color: #000000;\">By\u0142 to nasz debiut w tych rozgrywkach. <span class=\"x3nfvp2 x1j61x8r x1fcty0u xdj266r xhhsvwb xat24cr xgzva0m xxymvpz xlup9mm x1kky2od\"><img decoding=\"async\" class=\"xz74otr\" src=\"https:\/\/static.xx.fbcdn.net\/images\/emoji.php\/v9\/tce\/1\/16\/1f600.png\" alt=\"\ud83d\ude00\" width=\"16\" height=\"16\">&nbsp; <\/span><\/span><span style=\"color: #000000;\">Jak na beniaminka wynik rewelacyjny <span class=\"x3nfvp2 x1j61x8r x1fcty0u xdj266r xhhsvwb xat24cr xgzva0m xxymvpz xlup9mm x1kky2od\"><img loading=\"lazy\" decoding=\"async\" class=\"xz74otr\" src=\"https:\/\/static.xx.fbcdn.net\/images\/emoji.php\/v9\/t91\/1\/16\/1f93e_200d_2640.png\" alt=\"\ud83e\udd3e\u200d\u2640\ufe0f\" width=\"16\" height=\"16\"><\/span><\/span><\/div>\n<div dir=\"auto\"><span style=\"color: #000000;\">Za rok&#8230;..<span class=\"x3nfvp2 x1j61x8r x1fcty0u xdj266r xhhsvwb xat24cr xgzva0m xxymvpz xlup9mm x1kky2od\"><img loading=\"lazy\" decoding=\"async\" class=\"xz74otr\" src=\"https:\/\/static.xx.fbcdn.net\/images\/emoji.php\/v9\/t94\/1\/16\/1f947.png\" alt=\"\ud83e\udd47\" width=\"16\" height=\"16\"><\/span><\/span><\/div>\n<div dir=\"auto\" style=\"text-align: right;\"><em>mgr Katarzyna Ogaza<\/em><\/div>\n<div dir=\"auto\">ngg_shortcode_0_placeholder<\/div>\n<\/div>\n<\/div>\n<\/div>\n<\/div>\n<\/div>\n","protected":false},"excerpt":{"rendered":"<p>Dzisiaj nasi ch\u0142opcy zdobyli Wicemistrzostwo Gliwic w Igrzyskach Dzieci w Badmintonieorganizowanych przez Szkolny Zwi\u0105zek Sportowy w Gliwicach Reprezentacja w sk\u0142adzie :Cezary Kwieci\u0144ski- Brylok, Marcin Kastelik [&hellip;]<\/p>\n","protected":false},"author":3,"featured_media":13050,"comment_status":"closed","ping_status":"closed","sticky":false,"template":"","format":"standard","meta":{"ngg_post_thumbnail":0,"footnotes":""},"categories":[4],"tags":[],"class_list":["post-13049","post","type-post","status-publish","format-standard","has-post-thumbnail","hentry","category-aktualnosci"],"_links":{"self":[{"href":"https:\/\/www.sp11.gliwice.pl\/index.php?rest_route=\/wp\/v2\/posts\/13049","targetHints":{"allow":["GET"]}}],"collection":[{"href":"https:\/\/www.sp11.gliwice.pl\/index.php?rest_route=\/wp\/v2\/posts"}],"about":[{"href":"https:\/\/www.sp11.gliwice.pl\/index.php?rest_route=\/wp\/v2\/types\/post"}],"author":[{"embeddable":true,"href":"https:\/\/www.sp11.gliwice.pl\/index.php?rest_route=\/wp\/v2\/users\/3"}],"replies":[{"embeddable":true,"href":"https:\/\/www.sp11.gliwice.pl\/index.php?rest_route=%2Fwp%2Fv2%2Fcomments&post=13049"}],"version-history":[{"count":1,"href":"https:\/\/www.sp11.gliwice.pl\/index.php?rest_route=\/wp\/v2\/posts\/13049\/revisions"}],"predecessor-version":[{"id":13051,"href":"https:\/\/www.sp11.gliwice.pl\/index.php?rest_route=\/wp\/v2\/posts\/13049\/revisions\/13051"}],"wp:featuredmedia":[{"embeddable":true,"href":"https:\/\/www.sp11.gliwice.pl\/index.php?rest_route=\/wp\/v2\/media\/13050"}],"wp:attachment":[{"href":"https:\/\/www.sp11.gliwice.pl\/index.php?rest_route=%2Fwp%2Fv2%2Fmedia&parent=13049"}],"wp:term":[{"taxonomy":"category","embeddable":true,"href":"https:\/\/www.sp11.gliwice.pl\/index.php?rest_route=%2Fwp%2Fv2%2Fcategories&post=13049"},{"taxonomy":"post_tag","embeddable":true,"href":"https:\/\/www.sp11.gliwice.pl\/index.php?rest_route=%2Fwp%2Fv2%2Ftags&post=13049"}],"curies":[{"name":"wp","href":"https:\/\/api.w.org\/{rel}","templated":true}]}}