{"id":13034,"date":"2024-02-15T11:00:25","date_gmt":"2024-02-15T10:00:25","guid":{"rendered":"https:\/\/www.sp11.gliwice.pl\/?p=13034"},"modified":"2024-02-15T11:00:25","modified_gmt":"2024-02-15T10:00:25","slug":"walentynki-2","status":"publish","type":"post","link":"https:\/\/www.sp11.gliwice.pl\/?p=13034","title":{"rendered":"Walentynki :)"},"content":{"rendered":"<p><span style=\"color: #ff0000;\">14 lutego na ca\u0142ym \u015bwiecie obchodzi si\u0119 dzie\u0144 zakochanych czyli WALENTYNKI.<\/span><br \/>\n<span style=\"color: #ff0000;\">W tym dniu w naszym przedszkolu zago\u015bci\u0142 kolor czerwony, wszystkie dzieci ubra\u0142y si\u0119 na czerwono. Dzieci wzi\u0119\u0142y udzia\u0142 w r\u00f3\u017cnych zabawach zwi\u0105zanych z Walentynkami, m.in.: szuka\u0142y drugiej po\u0142\u00f3wki serca, rozwi\u0105zywa\u0142y zagadki dotycz\u0105ce bohater\u00f3w bajek. Pozna\u0142y tak\u017ce tradycje walentynkowe, dowiedzia\u0142y si\u0119 jak wa\u017cne jest okazywanie uczu\u0107 przyja\u017ani i sympatii. Wykleja\u0142y, rysowa\u0142y i kolorowa\u0142y serduszka, wykonywa\u0142y laurki i prace plastyczne, by nast\u0119pnie wr\u0119czy\u0107 je jako walentynk\u0119 swoim kolegom i kole\u017cankom. \ud83d\ude42<br \/>\n<\/span><\/p>\n<p style=\"text-align: right;\"><em>mgr Katarzyna Szyd\u0142o<\/em><\/p>\nngg_shortcode_0_placeholder\n","protected":false},"excerpt":{"rendered":"<p>14 lutego na ca\u0142ym \u015bwiecie obchodzi si\u0119 dzie\u0144 zakochanych czyli WALENTYNKI. W tym dniu w naszym przedszkolu zago\u015bci\u0142 kolor czerwony, wszystkie dzieci ubra\u0142y si\u0119 na [&hellip;]<\/p>\n","protected":false},"author":3,"featured_media":13035,"comment_status":"closed","ping_status":"closed","sticky":false,"template":"","format":"standard","meta":{"ngg_post_thumbnail":0,"footnotes":""},"categories":[4],"tags":[],"class_list":["post-13034","post","type-post","status-publish","format-standard","has-post-thumbnail","hentry","category-aktualnosci"],"_links":{"self":[{"href":"https:\/\/www.sp11.gliwice.pl\/index.php?rest_route=\/wp\/v2\/posts\/13034","targetHints":{"allow":["GET"]}}],"collection":[{"href":"https:\/\/www.sp11.gliwice.pl\/index.php?rest_route=\/wp\/v2\/posts"}],"about":[{"href":"https:\/\/www.sp11.gliwice.pl\/index.php?rest_route=\/wp\/v2\/types\/post"}],"author":[{"embeddable":true,"href":"https:\/\/www.sp11.gliwice.pl\/index.php?rest_route=\/wp\/v2\/users\/3"}],"replies":[{"embeddable":true,"href":"https:\/\/www.sp11.gliwice.pl\/index.php?rest_route=%2Fwp%2Fv2%2Fcomments&post=13034"}],"version-history":[{"count":1,"href":"https:\/\/www.sp11.gliwice.pl\/index.php?rest_route=\/wp\/v2\/posts\/13034\/revisions"}],"predecessor-version":[{"id":13036,"href":"https:\/\/www.sp11.gliwice.pl\/index.php?rest_route=\/wp\/v2\/posts\/13034\/revisions\/13036"}],"wp:featuredmedia":[{"embeddable":true,"href":"https:\/\/www.sp11.gliwice.pl\/index.php?rest_route=\/wp\/v2\/media\/13035"}],"wp:attachment":[{"href":"https:\/\/www.sp11.gliwice.pl\/index.php?rest_route=%2Fwp%2Fv2%2Fmedia&parent=13034"}],"wp:term":[{"taxonomy":"category","embeddable":true,"href":"https:\/\/www.sp11.gliwice.pl\/index.php?rest_route=%2Fwp%2Fv2%2Fcategories&post=13034"},{"taxonomy":"post_tag","embeddable":true,"href":"https:\/\/www.sp11.gliwice.pl\/index.php?rest_route=%2Fwp%2Fv2%2Ftags&post=13034"}],"curies":[{"name":"wp","href":"https:\/\/api.w.org\/{rel}","templated":true}]}}