{"id":12994,"date":"2024-02-13T20:12:04","date_gmt":"2024-02-13T19:12:04","guid":{"rendered":"https:\/\/www.sp11.gliwice.pl\/?p=12994"},"modified":"2024-02-13T20:15:10","modified_gmt":"2024-02-13T19:15:10","slug":"kreatywny-tydzien","status":"publish","type":"post","link":"https:\/\/www.sp11.gliwice.pl\/?p=12994","title":{"rendered":"KREATYWNY TYDZIE\u0143 :)"},"content":{"rendered":"<div dir=\"auto\">\n<div dir=\"auto\"><span style=\"color: #000000;\">Niestety, wszystko co dobre szybko si\u0119 ko\u0144czy\u2639 Jednak my si\u0119 nie smucimy bo w naszej szkole zawsze co\u015b si\u0119 dzieje, zdecydowanie na brak nudy nie mo\u017cemy narzeka\u0107!\ud83e\udd73<\/span><\/div>\n<div dir=\"auto\"><span style=\"color: #000000;\">Ju\u017c jutro Walentynki\u2764\ufe0f- b\u0119dzie du\u017co serduszek, czerwonego koloru iiiiii u\u015bmiechu!<\/span><\/div>\n<div dir=\"auto\"><span style=\"color: #000000;\">Ale zanim b\u0119dziemy m\u00f3wi\u0107 o kolejnym wydarzeniu chcieliby\u015bmy troch\u0119 wspomnie\u0107 o tygodniu przed feriami i to nie byle jakim&#8230; bo TYGODNIU KREATYWNYM!\ud83e\udd73<\/span><\/div>\n<div dir=\"auto\"><span style=\"color: #000000;\">Poniedzia\u0142ek zacz\u0119li\u015bmy od ciekawej fryzury- naprawd\u0119, na g\u0142owach (i to nie tylko dziewczyn) dzia\u0142y si\u0119 cuda! We wtorek w naszej szkole zrobi\u0142o si\u0119 zdecydowanie bardzo kolorowo mimo niepogody i nieprzyjemnej aury. W \u015brod\u0119 to si\u0119 dopiero dzia\u0142o- w szkole odby\u0142a si\u0119 muzyczna przerwa, na kt\u00f3rej sw\u00f3j debiut mia\u0142 zesp\u00f3\u0142 taneczny prowadzony przez pani\u0105 Anet\u0119. Dziewczyny da\u0142y niez\u0142ego czadu na scenie\ud83d\udca5 Natomiast popo\u0142udniu klasy 4-8 bawi\u0142y si\u0119 na dyskotece karnawa\u0142owej. W czwartek na korytarzach szko\u0142y mo\u017cna by\u0142o zobaczy\u0107 r\u00f3\u017cne postacie bajkowe, a tak\u017ce filmowe- klasy m\u0142odsze mia\u0142y bal karnawa\u0142owy, a klasy starsze przebra\u0142y si\u0119 za swojego ulubionego bohatera. Pi\u0105tek przed feriami by\u0142 zupe\u0142nie inny od wszystkich pi\u0105tk\u00f3w, a mianowicie przyszli\u015bmy do szko\u0142y w&#8230; pi\u017camach\ud83d\ude05<\/span><\/div>\n<div dir=\"auto\"><span style=\"color: #000000;\">Dzi\u0119kujemy wszystkim za udzia\u0142 w kreatywnym tygodniu i czekajcie na wi\u0119cej&#8230; bo w planach mamy kolejne fajne wydarzenia. \ud83d\ude42<br \/>\n<\/span><\/div>\n<div dir=\"auto\">&nbsp;<\/div>\n<div dir=\"auto\"><span style=\"color: #000000;\">A ju\u017c jutro WALENTYNKI!\ud83e\udd70\ud83d\ude0d Ubierzcie si\u0119 na czerwono i zabierzcie ze sob\u0105 u\u015bmiech \ud83d\ude0a Do zobaczenia!\ud83d\ude0d<\/span><\/div>\n<\/div>\n<div dir=\"auto\" style=\"text-align: right;\"><em>mgr Natalia Drapa<\/em><br \/>\n<em>mgr Agnieszka Zwoli\u0144ska<\/em><\/div>\n<div dir=\"auto\">\n<div dir=\"auto\">ngg_shortcode_0_placeholder<\/div>\n<\/div>\n","protected":false},"excerpt":{"rendered":"<p>Niestety, wszystko co dobre szybko si\u0119 ko\u0144czy\u2639 Jednak my si\u0119 nie smucimy bo w naszej szkole zawsze co\u015b si\u0119 dzieje, zdecydowanie na brak nudy nie [&hellip;]<\/p>\n","protected":false},"author":3,"featured_media":12995,"comment_status":"closed","ping_status":"closed","sticky":false,"template":"","format":"standard","meta":{"ngg_post_thumbnail":0,"footnotes":""},"categories":[4],"tags":[],"class_list":["post-12994","post","type-post","status-publish","format-standard","has-post-thumbnail","hentry","category-aktualnosci"],"_links":{"self":[{"href":"https:\/\/www.sp11.gliwice.pl\/index.php?rest_route=\/wp\/v2\/posts\/12994","targetHints":{"allow":["GET"]}}],"collection":[{"href":"https:\/\/www.sp11.gliwice.pl\/index.php?rest_route=\/wp\/v2\/posts"}],"about":[{"href":"https:\/\/www.sp11.gliwice.pl\/index.php?rest_route=\/wp\/v2\/types\/post"}],"author":[{"embeddable":true,"href":"https:\/\/www.sp11.gliwice.pl\/index.php?rest_route=\/wp\/v2\/users\/3"}],"replies":[{"embeddable":true,"href":"https:\/\/www.sp11.gliwice.pl\/index.php?rest_route=%2Fwp%2Fv2%2Fcomments&post=12994"}],"version-history":[{"count":2,"href":"https:\/\/www.sp11.gliwice.pl\/index.php?rest_route=\/wp\/v2\/posts\/12994\/revisions"}],"predecessor-version":[{"id":12997,"href":"https:\/\/www.sp11.gliwice.pl\/index.php?rest_route=\/wp\/v2\/posts\/12994\/revisions\/12997"}],"wp:featuredmedia":[{"embeddable":true,"href":"https:\/\/www.sp11.gliwice.pl\/index.php?rest_route=\/wp\/v2\/media\/12995"}],"wp:attachment":[{"href":"https:\/\/www.sp11.gliwice.pl\/index.php?rest_route=%2Fwp%2Fv2%2Fmedia&parent=12994"}],"wp:term":[{"taxonomy":"category","embeddable":true,"href":"https:\/\/www.sp11.gliwice.pl\/index.php?rest_route=%2Fwp%2Fv2%2Fcategories&post=12994"},{"taxonomy":"post_tag","embeddable":true,"href":"https:\/\/www.sp11.gliwice.pl\/index.php?rest_route=%2Fwp%2Fv2%2Ftags&post=12994"}],"curies":[{"name":"wp","href":"https:\/\/api.w.org\/{rel}","templated":true}]}}