{"id":12963,"date":"2024-02-12T11:29:31","date_gmt":"2024-02-12T10:29:31","guid":{"rendered":"https:\/\/www.sp11.gliwice.pl\/?p=12963"},"modified":"2024-02-12T11:29:31","modified_gmt":"2024-02-12T10:29:31","slug":"zaproszenie-do-udzialu-w-konkursie-plastyczno-literackim","status":"publish","type":"post","link":"https:\/\/www.sp11.gliwice.pl\/?p=12963","title":{"rendered":"Zaproszenie do udzia\u0142u w Konkursie plastyczno &#8211; literackim :)"},"content":{"rendered":"<p>Serdecznie zapraszamy do udzia\u0142u w Miejskim Konkursie Plastyczno &#8211; Literackim pod Patronatem Prezydenta Miasta Gliwice Adama Neumanna <strong>&#8211; ,,Dajmy si\u0119 zagaw\u0119dzi\u0107\u201d <\/strong><strong>&#8211; z okazji 50. rocznicy \u015bmierci&nbsp; <\/strong><strong>Melchiora Wa\u0144kowicza.<\/strong><\/p>\n<p>Szczeg\u00f3\u0142y w <a href=\"https:\/\/www.sp11.gliwice.pl\/wp-content\/uploads\/2024\/02\/Regulamin-Miejskiego-Konkursu-Plastyczno-Literackiego_2023_24-dajmy-sie-zagawedzic.pdf\" target=\"_blank\" rel=\"noopener\">za\u0142\u0105czniku<\/a> \ud83d\ude42<\/p>\n<p><img fetchpriority=\"high\" decoding=\"async\" class=\"alignnone size-medium wp-image-12962\" src=\"https:\/\/www.sp11.gliwice.pl\/wp-content\/uploads\/2024\/02\/konkurs_dajmy-215x300.jpg\" alt=\"\" width=\"215\" height=\"300\" srcset=\"https:\/\/www.sp11.gliwice.pl\/wp-content\/uploads\/2024\/02\/konkurs_dajmy-215x300.jpg 215w, https:\/\/www.sp11.gliwice.pl\/wp-content\/uploads\/2024\/02\/konkurs_dajmy.jpg 649w\" sizes=\"(max-width: 215px) 100vw, 215px\" \/><\/p>\n","protected":false},"excerpt":{"rendered":"<p>Serdecznie zapraszamy do udzia\u0142u w Miejskim Konkursie Plastyczno &#8211; Literackim pod Patronatem Prezydenta Miasta Gliwice Adama Neumanna &#8211; ,,Dajmy si\u0119 zagaw\u0119dzi\u0107\u201d &#8211; z okazji 50. [&hellip;]<\/p>\n","protected":false},"author":3,"featured_media":12962,"comment_status":"closed","ping_status":"closed","sticky":false,"template":"","format":"standard","meta":{"ngg_post_thumbnail":0,"footnotes":""},"categories":[4],"tags":[],"class_list":["post-12963","post","type-post","status-publish","format-standard","has-post-thumbnail","hentry","category-aktualnosci"],"_links":{"self":[{"href":"https:\/\/www.sp11.gliwice.pl\/index.php?rest_route=\/wp\/v2\/posts\/12963","targetHints":{"allow":["GET"]}}],"collection":[{"href":"https:\/\/www.sp11.gliwice.pl\/index.php?rest_route=\/wp\/v2\/posts"}],"about":[{"href":"https:\/\/www.sp11.gliwice.pl\/index.php?rest_route=\/wp\/v2\/types\/post"}],"author":[{"embeddable":true,"href":"https:\/\/www.sp11.gliwice.pl\/index.php?rest_route=\/wp\/v2\/users\/3"}],"replies":[{"embeddable":true,"href":"https:\/\/www.sp11.gliwice.pl\/index.php?rest_route=%2Fwp%2Fv2%2Fcomments&post=12963"}],"version-history":[{"count":1,"href":"https:\/\/www.sp11.gliwice.pl\/index.php?rest_route=\/wp\/v2\/posts\/12963\/revisions"}],"predecessor-version":[{"id":12965,"href":"https:\/\/www.sp11.gliwice.pl\/index.php?rest_route=\/wp\/v2\/posts\/12963\/revisions\/12965"}],"wp:featuredmedia":[{"embeddable":true,"href":"https:\/\/www.sp11.gliwice.pl\/index.php?rest_route=\/wp\/v2\/media\/12962"}],"wp:attachment":[{"href":"https:\/\/www.sp11.gliwice.pl\/index.php?rest_route=%2Fwp%2Fv2%2Fmedia&parent=12963"}],"wp:term":[{"taxonomy":"category","embeddable":true,"href":"https:\/\/www.sp11.gliwice.pl\/index.php?rest_route=%2Fwp%2Fv2%2Fcategories&post=12963"},{"taxonomy":"post_tag","embeddable":true,"href":"https:\/\/www.sp11.gliwice.pl\/index.php?rest_route=%2Fwp%2Fv2%2Ftags&post=12963"}],"curies":[{"name":"wp","href":"https:\/\/api.w.org\/{rel}","templated":true}]}}