{"id":12927,"date":"2024-01-24T08:44:39","date_gmt":"2024-01-24T07:44:39","guid":{"rendered":"https:\/\/www.sp11.gliwice.pl\/?p=12927"},"modified":"2024-01-24T08:44:39","modified_gmt":"2024-01-24T07:44:39","slug":"dzien-babci-i-dziadka-w-kubusiach-puchatkach","status":"publish","type":"post","link":"https:\/\/www.sp11.gliwice.pl\/?p=12927","title":{"rendered":"Dzie\u0144 Babci i Dziadka w Kubusiach Puchatkach"},"content":{"rendered":"<p><span style=\"color: #000000;\">21 i 22 stycze\u0144 to wyj\u0105tkowe daty w kalendarzu \u2013 \u015bwi\u0119to wszystkich Bab\u0107 i Dziadk\u00f3w.<\/span><\/p>\n<p><span style=\"color: #000000;\">&nbsp;&nbsp;&nbsp; To dni pe\u0142ne u\u015bmiech\u00f3w, rado\u015bci, wzrusze\u0144 i ciep\u0142a, mimo styczniowego mrozu. Dziadkowie w \u017cyciu rodzinnym s\u0105 dla swoich wnucz\u0105t \u017ar\u00f3d\u0142em wszelkich pozytywnych emocji. To w\u0142a\u015bnie Babcia i Dziadek kochaj\u0105, rozpieszczaj\u0105, kultywuj\u0105 tradycje rodzinne i opowiadaj\u0105&nbsp; przepi\u0119kne historie. <strong>&nbsp;<\/strong>Kiedy odbieraj\u0105 wnuki z przedszkola dostrzec mo\u017cna silne wi\u0119zi \u0142\u0105cz\u0105ce oba pokolenia.<\/span><\/p>\n<p><span style=\"color: #000000;\">&nbsp;&nbsp;&nbsp; Z okazji dnia Babci i Dziadka&nbsp; przedszkolaki z grupy Kubusie Puchatki przygotowa\u0142y dla specjalnych go\u015bci program artystyczny. Mimo niskiej frekwencji dzieci recytowa\u0142y wiersze przeplatane ta\u0144cami i \u015bpiewem.&nbsp; Oczywi\u015bcie nie zabrak\u0142o te\u017c w\u0142asnor\u0119cznie zrobionych upomink\u00f3w, kt\u00f3re dzieci wr\u0119czy\u0142y swoim ukochanym Babciom i Dziadkom.<\/span><\/p>\n<p><span style=\"color: #000000;\">&nbsp;&nbsp;&nbsp;&nbsp; Serdecznie zapraszamy za rok!!!<\/span><\/p>\n<p style=\"text-align: right;\"><em>mgr Cecylia Pierzcha\u0142a<\/em><\/p>\nngg_shortcode_0_placeholder\n","protected":false},"excerpt":{"rendered":"<p>21 i 22 stycze\u0144 to wyj\u0105tkowe daty w kalendarzu \u2013 \u015bwi\u0119to wszystkich Bab\u0107 i Dziadk\u00f3w. &nbsp;&nbsp;&nbsp; To dni pe\u0142ne u\u015bmiech\u00f3w, rado\u015bci, wzrusze\u0144 i ciep\u0142a, mimo [&hellip;]<\/p>\n","protected":false},"author":3,"featured_media":12928,"comment_status":"closed","ping_status":"closed","sticky":false,"template":"","format":"standard","meta":{"ngg_post_thumbnail":0,"footnotes":""},"categories":[4],"tags":[],"class_list":["post-12927","post","type-post","status-publish","format-standard","has-post-thumbnail","hentry","category-aktualnosci"],"_links":{"self":[{"href":"https:\/\/www.sp11.gliwice.pl\/index.php?rest_route=\/wp\/v2\/posts\/12927","targetHints":{"allow":["GET"]}}],"collection":[{"href":"https:\/\/www.sp11.gliwice.pl\/index.php?rest_route=\/wp\/v2\/posts"}],"about":[{"href":"https:\/\/www.sp11.gliwice.pl\/index.php?rest_route=\/wp\/v2\/types\/post"}],"author":[{"embeddable":true,"href":"https:\/\/www.sp11.gliwice.pl\/index.php?rest_route=\/wp\/v2\/users\/3"}],"replies":[{"embeddable":true,"href":"https:\/\/www.sp11.gliwice.pl\/index.php?rest_route=%2Fwp%2Fv2%2Fcomments&post=12927"}],"version-history":[{"count":1,"href":"https:\/\/www.sp11.gliwice.pl\/index.php?rest_route=\/wp\/v2\/posts\/12927\/revisions"}],"predecessor-version":[{"id":12929,"href":"https:\/\/www.sp11.gliwice.pl\/index.php?rest_route=\/wp\/v2\/posts\/12927\/revisions\/12929"}],"wp:featuredmedia":[{"embeddable":true,"href":"https:\/\/www.sp11.gliwice.pl\/index.php?rest_route=\/wp\/v2\/media\/12928"}],"wp:attachment":[{"href":"https:\/\/www.sp11.gliwice.pl\/index.php?rest_route=%2Fwp%2Fv2%2Fmedia&parent=12927"}],"wp:term":[{"taxonomy":"category","embeddable":true,"href":"https:\/\/www.sp11.gliwice.pl\/index.php?rest_route=%2Fwp%2Fv2%2Fcategories&post=12927"},{"taxonomy":"post_tag","embeddable":true,"href":"https:\/\/www.sp11.gliwice.pl\/index.php?rest_route=%2Fwp%2Fv2%2Ftags&post=12927"}],"curies":[{"name":"wp","href":"https:\/\/api.w.org\/{rel}","templated":true}]}}