{"id":12903,"date":"2024-01-21T21:40:00","date_gmt":"2024-01-21T20:40:00","guid":{"rendered":"https:\/\/www.sp11.gliwice.pl\/?p=12903"},"modified":"2024-01-21T21:40:00","modified_gmt":"2024-01-21T20:40:00","slug":"dzien-popcornu-2","status":"publish","type":"post","link":"https:\/\/www.sp11.gliwice.pl\/?p=12903","title":{"rendered":"DZIE\u0143  POPCORNU"},"content":{"rendered":"<p><span style=\"color: #000000;\"><strong>19 stycznia<\/strong> obchodzili\u015bmy w przedszkolu nietypowe \u015bwi\u0119to \u2013 Dzie\u0144 Popcornu.<\/span><\/p>\n<p><span style=\"color: #000000;\">To by\u0142a doskona\u0142a okazja do zorganizowania kreatywnych zabaw i aktywno\u015bci z przysmakiem wszystkich dzieci \u2013 popcornem. Dzieci dowiedzia\u0142y si\u0119, z czego powstaje popcorn i jak go przygotowa\u0107.<\/span><\/p>\n<p><span style=\"color: #000000;\">By\u0142a degustacja, i oczywi\u015bcie ..fajne prace plastyczne \ud83d\ude42<\/span><\/p>\n<p style=\"text-align: right;\"><em>mgr Cecylia Pierzcha\u0142a<\/em><\/p>\nngg_shortcode_0_placeholder\n","protected":false},"excerpt":{"rendered":"<p>19 stycznia obchodzili\u015bmy w przedszkolu nietypowe \u015bwi\u0119to \u2013 Dzie\u0144 Popcornu. To by\u0142a doskona\u0142a okazja do zorganizowania kreatywnych zabaw i aktywno\u015bci z przysmakiem wszystkich dzieci \u2013 [&hellip;]<\/p>\n","protected":false},"author":3,"featured_media":12904,"comment_status":"closed","ping_status":"closed","sticky":false,"template":"","format":"standard","meta":{"ngg_post_thumbnail":0,"footnotes":""},"categories":[4],"tags":[],"class_list":["post-12903","post","type-post","status-publish","format-standard","has-post-thumbnail","hentry","category-aktualnosci"],"_links":{"self":[{"href":"https:\/\/www.sp11.gliwice.pl\/index.php?rest_route=\/wp\/v2\/posts\/12903","targetHints":{"allow":["GET"]}}],"collection":[{"href":"https:\/\/www.sp11.gliwice.pl\/index.php?rest_route=\/wp\/v2\/posts"}],"about":[{"href":"https:\/\/www.sp11.gliwice.pl\/index.php?rest_route=\/wp\/v2\/types\/post"}],"author":[{"embeddable":true,"href":"https:\/\/www.sp11.gliwice.pl\/index.php?rest_route=\/wp\/v2\/users\/3"}],"replies":[{"embeddable":true,"href":"https:\/\/www.sp11.gliwice.pl\/index.php?rest_route=%2Fwp%2Fv2%2Fcomments&post=12903"}],"version-history":[{"count":1,"href":"https:\/\/www.sp11.gliwice.pl\/index.php?rest_route=\/wp\/v2\/posts\/12903\/revisions"}],"predecessor-version":[{"id":12905,"href":"https:\/\/www.sp11.gliwice.pl\/index.php?rest_route=\/wp\/v2\/posts\/12903\/revisions\/12905"}],"wp:featuredmedia":[{"embeddable":true,"href":"https:\/\/www.sp11.gliwice.pl\/index.php?rest_route=\/wp\/v2\/media\/12904"}],"wp:attachment":[{"href":"https:\/\/www.sp11.gliwice.pl\/index.php?rest_route=%2Fwp%2Fv2%2Fmedia&parent=12903"}],"wp:term":[{"taxonomy":"category","embeddable":true,"href":"https:\/\/www.sp11.gliwice.pl\/index.php?rest_route=%2Fwp%2Fv2%2Fcategories&post=12903"},{"taxonomy":"post_tag","embeddable":true,"href":"https:\/\/www.sp11.gliwice.pl\/index.php?rest_route=%2Fwp%2Fv2%2Ftags&post=12903"}],"curies":[{"name":"wp","href":"https:\/\/api.w.org\/{rel}","templated":true}]}}