{"id":12785,"date":"2024-01-10T20:09:49","date_gmt":"2024-01-10T19:09:49","guid":{"rendered":"https:\/\/www.sp11.gliwice.pl\/?p=12785"},"modified":"2024-01-10T20:09:49","modified_gmt":"2024-01-10T19:09:49","slug":"dzialamy-dla-wosp","status":"publish","type":"post","link":"https:\/\/www.sp11.gliwice.pl\/?p=12785","title":{"rendered":"Dzia\u0142amy dla WO\u015aP :)"},"content":{"rendered":"<div dir=\"auto\">\n<div dir=\"auto\"><span style=\"color: #000000;\">Za nami kolejna akcja w ramach WO\u015aP.&nbsp;<\/span><\/div>\n<h5 dir=\"auto\"><span style=\"color: #000000;\">9 stycznia, co przerw\u0119, kwestowali\u015bmy wypieki zdobione przez naszych Rodzic\u00f3w, Uczni\u00f3w i Nauczycieli. Dzi\u0119ki babeczkom zebrali\u015bmy kwot\u0119 <strong><span style=\"color: #ff0000;\">1417,45<\/span><\/strong> na rzecz&nbsp; Wielkiej Orkiestry \u015awi\u0105tecznej Pomocy.&nbsp;<\/span><\/h5>\n<div dir=\"auto\"><span style=\"color: #000000;\">Brawo MY WSZYSCY\ud83d\udc4f<\/span><\/div>\n<div dir=\"auto\" style=\"text-align: right;\"><em>mgr Alicja Cielesta<\/em><\/div>\n<div dir=\"auto\">ngg_shortcode_0_placeholder<\/div>\n<\/div>\n","protected":false},"excerpt":{"rendered":"<p>Za nami kolejna akcja w ramach WO\u015aP.&nbsp; 9 stycznia, co przerw\u0119, kwestowali\u015bmy wypieki zdobione przez naszych Rodzic\u00f3w, Uczni\u00f3w i Nauczycieli. Dzi\u0119ki babeczkom zebrali\u015bmy kwot\u0119 1417,45 [&hellip;]<\/p>\n","protected":false},"author":3,"featured_media":12786,"comment_status":"closed","ping_status":"closed","sticky":false,"template":"","format":"standard","meta":{"ngg_post_thumbnail":0,"footnotes":""},"categories":[4],"tags":[],"class_list":["post-12785","post","type-post","status-publish","format-standard","has-post-thumbnail","hentry","category-aktualnosci"],"_links":{"self":[{"href":"https:\/\/www.sp11.gliwice.pl\/index.php?rest_route=\/wp\/v2\/posts\/12785","targetHints":{"allow":["GET"]}}],"collection":[{"href":"https:\/\/www.sp11.gliwice.pl\/index.php?rest_route=\/wp\/v2\/posts"}],"about":[{"href":"https:\/\/www.sp11.gliwice.pl\/index.php?rest_route=\/wp\/v2\/types\/post"}],"author":[{"embeddable":true,"href":"https:\/\/www.sp11.gliwice.pl\/index.php?rest_route=\/wp\/v2\/users\/3"}],"replies":[{"embeddable":true,"href":"https:\/\/www.sp11.gliwice.pl\/index.php?rest_route=%2Fwp%2Fv2%2Fcomments&post=12785"}],"version-history":[{"count":1,"href":"https:\/\/www.sp11.gliwice.pl\/index.php?rest_route=\/wp\/v2\/posts\/12785\/revisions"}],"predecessor-version":[{"id":12787,"href":"https:\/\/www.sp11.gliwice.pl\/index.php?rest_route=\/wp\/v2\/posts\/12785\/revisions\/12787"}],"wp:featuredmedia":[{"embeddable":true,"href":"https:\/\/www.sp11.gliwice.pl\/index.php?rest_route=\/wp\/v2\/media\/12786"}],"wp:attachment":[{"href":"https:\/\/www.sp11.gliwice.pl\/index.php?rest_route=%2Fwp%2Fv2%2Fmedia&parent=12785"}],"wp:term":[{"taxonomy":"category","embeddable":true,"href":"https:\/\/www.sp11.gliwice.pl\/index.php?rest_route=%2Fwp%2Fv2%2Fcategories&post=12785"},{"taxonomy":"post_tag","embeddable":true,"href":"https:\/\/www.sp11.gliwice.pl\/index.php?rest_route=%2Fwp%2Fv2%2Ftags&post=12785"}],"curies":[{"name":"wp","href":"https:\/\/api.w.org\/{rel}","templated":true}]}}