{"id":12758,"date":"2024-01-09T18:38:39","date_gmt":"2024-01-09T17:38:39","guid":{"rendered":"https:\/\/www.sp11.gliwice.pl\/?p=12758"},"modified":"2024-01-09T18:39:22","modified_gmt":"2024-01-09T17:39:22","slug":"12758","status":"publish","type":"post","link":"https:\/\/www.sp11.gliwice.pl\/?p=12758","title":{"rendered":""},"content":{"rendered":"<div dir=\"auto\">\n<div dir=\"auto\"><span style=\"color: #000000;\">Wyniki Mi\u0119dzyszkolnego Konkursu j\u0119zykowo -plastycznego &#8222;Christmas decoration 2023&#8221; organizowanego przez Szko\u0142\u0119 Podstawow\u0105 nr 11 w Gliwicach.&nbsp;<\/span><\/div>\n<div dir=\"auto\">&nbsp;<\/div>\n<div dir=\"auto\"><strong><span style=\"color: #000000;\">1 miejsce:&nbsp;<\/span><\/strong><\/div>\n<div dir=\"auto\"><span style=\"color: #000000;\">SZYMON DEMBOWSKI&nbsp; &#8211; SP z Oddzia\u0142ami Integracyjnymi nr3<\/span><\/div>\n<div dir=\"auto\"><span style=\"color: #000000;\">TRISTAN KO\u017bUCH&nbsp; &#8211; ZSP17<\/span><\/div>\n<div dir=\"auto\">&nbsp;<\/div>\n<div dir=\"auto\"><span style=\"color: #000000;\"><strong>2 miejsce:<\/strong>&nbsp;<\/span><\/div>\n<div dir=\"auto\"><span style=\"color: #000000;\">ZOFIA ADRYA\u0143SKA &#8211; SP z Oddzia\u0142ami Integracyjnymi nr3<br \/>\n<\/span><\/div>\n<div dir=\"auto\"><span style=\"color: #000000;\">YUSTYNA SEREDNYTSKA &#8211; ZSP9<\/span><\/div>\n<div dir=\"auto\">&nbsp;<\/div>\n<div dir=\"auto\"><strong><span style=\"color: #000000;\">3 miejsce:<\/span><\/strong><\/div>\n<div dir=\"auto\"><span style=\"color: #000000;\">KAROLINA KU\u0179NIK &#8211; SP6<\/span><\/div>\n<div dir=\"auto\"><span style=\"color: #000000;\">JULIA DONNER &#8211; SP17<\/span><\/div>\n<div dir=\"auto\">&nbsp;<\/div>\n<div dir=\"auto\"><strong><span style=\"color: #000000;\">Wyr\u00f3\u017cnienia:<\/span><\/strong><\/div>\n<div dir=\"auto\"><span style=\"color: #000000;\">ZUZANNA KASZOWSKA &#8211; SP6<\/span><\/div>\n<div dir=\"auto\"><span style=\"color: #000000;\">EMILIA KOCUR &#8211; SP z Oddzia\u0142ami Integracyjnymi nr3<br \/>\n<\/span><\/div>\n<div dir=\"auto\"><span style=\"color: #000000;\">MARTYNA BA\u0141ATA &#8211; SP28<\/span><\/div>\n<div dir=\"auto\"><span style=\"color: #000000;\">WERONIKA WILK &#8211; SP13<\/span><\/div>\n<div dir=\"auto\"><span style=\"color: #000000;\">RADOS\u0141AW JANICKI&nbsp; &#8211; SP17<\/span><\/div>\n<div dir=\"auto\">&nbsp;<\/div>\n<div dir=\"auto\"><span style=\"color: #000000;\">Gratulujemy! Nagrody dostarczymy do zwyci\u0119skich szk\u00f3\u0142 przed feriami zimowymi. \ud83d\ude42<br \/>\n<\/span><\/div>\n<div dir=\"auto\">ngg_shortcode_0_placeholder<\/div>\n<\/div>\n","protected":false},"excerpt":{"rendered":"<p>Wyniki Mi\u0119dzyszkolnego Konkursu j\u0119zykowo -plastycznego &#8222;Christmas decoration 2023&#8221; organizowanego przez Szko\u0142\u0119 Podstawow\u0105 nr 11 w Gliwicach.&nbsp; &nbsp; 1 miejsce:&nbsp; SZYMON DEMBOWSKI&nbsp; &#8211; SP z Oddzia\u0142ami [&hellip;]<\/p>\n","protected":false},"author":3,"featured_media":12759,"comment_status":"closed","ping_status":"closed","sticky":false,"template":"","format":"standard","meta":{"ngg_post_thumbnail":0,"footnotes":""},"categories":[4],"tags":[],"class_list":["post-12758","post","type-post","status-publish","format-standard","has-post-thumbnail","hentry","category-aktualnosci"],"_links":{"self":[{"href":"https:\/\/www.sp11.gliwice.pl\/index.php?rest_route=\/wp\/v2\/posts\/12758","targetHints":{"allow":["GET"]}}],"collection":[{"href":"https:\/\/www.sp11.gliwice.pl\/index.php?rest_route=\/wp\/v2\/posts"}],"about":[{"href":"https:\/\/www.sp11.gliwice.pl\/index.php?rest_route=\/wp\/v2\/types\/post"}],"author":[{"embeddable":true,"href":"https:\/\/www.sp11.gliwice.pl\/index.php?rest_route=\/wp\/v2\/users\/3"}],"replies":[{"embeddable":true,"href":"https:\/\/www.sp11.gliwice.pl\/index.php?rest_route=%2Fwp%2Fv2%2Fcomments&post=12758"}],"version-history":[{"count":2,"href":"https:\/\/www.sp11.gliwice.pl\/index.php?rest_route=\/wp\/v2\/posts\/12758\/revisions"}],"predecessor-version":[{"id":12761,"href":"https:\/\/www.sp11.gliwice.pl\/index.php?rest_route=\/wp\/v2\/posts\/12758\/revisions\/12761"}],"wp:featuredmedia":[{"embeddable":true,"href":"https:\/\/www.sp11.gliwice.pl\/index.php?rest_route=\/wp\/v2\/media\/12759"}],"wp:attachment":[{"href":"https:\/\/www.sp11.gliwice.pl\/index.php?rest_route=%2Fwp%2Fv2%2Fmedia&parent=12758"}],"wp:term":[{"taxonomy":"category","embeddable":true,"href":"https:\/\/www.sp11.gliwice.pl\/index.php?rest_route=%2Fwp%2Fv2%2Fcategories&post=12758"},{"taxonomy":"post_tag","embeddable":true,"href":"https:\/\/www.sp11.gliwice.pl\/index.php?rest_route=%2Fwp%2Fv2%2Ftags&post=12758"}],"curies":[{"name":"wp","href":"https:\/\/api.w.org\/{rel}","templated":true}]}}