{"id":12645,"date":"2023-12-28T11:11:06","date_gmt":"2023-12-28T10:11:06","guid":{"rendered":"https:\/\/www.sp11.gliwice.pl\/?p=12645"},"modified":"2023-12-28T11:11:06","modified_gmt":"2023-12-28T10:11:06","slug":"swiateczne-spotkanie-z-rodzicami","status":"publish","type":"post","link":"https:\/\/www.sp11.gliwice.pl\/?p=12645","title":{"rendered":"\u015awi\u0105teczne spotkanie z Rodzicami"},"content":{"rendered":"<p><span style=\"color: #000000;\">\u015awi\u0119ta Bo\u017cego Narodzenia s\u0105 najpi\u0119kniejszymi \u015awi\u0119tami, na kt\u00f3re czekaj\u0105 nie tylko dzieci ale i doro\u015bli. S\u0105 to \u015awi\u0119ta najbli\u017csze i najdro\u017csze naszym sercom, gdy\u017c towarzyszy im niepowtarzalna i wyj\u0105tkowa atmosfera. Jest to r\u00f3wnie\u017c okazja do wsp\u00f3lnego kol\u0119dowania w przedszkolu &#8211; dlatego grupy Motylki i Puchatki zaprosi\u0142y swoich Rodzic\u00f3w, aby wsp\u00f3lne radowa\u0107 si\u0119 nadchodz\u0105cymi \u015awi\u0119tami. Po kr\u00f3tkim wyst\u0119pie grup i wsp\u00f3lnym kol\u0119dowaniu, wszyscy prze\u0142amali si\u0119 op\u0142atkiem \u017cycz\u0105c swoim najbli\u017cszym wszystkiego najlepszego!!!<\/span><\/p>\nngg_shortcode_0_placeholder\n","protected":false},"excerpt":{"rendered":"<p>\u015awi\u0119ta Bo\u017cego Narodzenia s\u0105 najpi\u0119kniejszymi \u015awi\u0119tami, na kt\u00f3re czekaj\u0105 nie tylko dzieci ale i doro\u015bli. S\u0105 to \u015awi\u0119ta najbli\u017csze i najdro\u017csze naszym sercom, gdy\u017c towarzyszy [&hellip;]<\/p>\n","protected":false},"author":3,"featured_media":12646,"comment_status":"closed","ping_status":"closed","sticky":false,"template":"","format":"standard","meta":{"ngg_post_thumbnail":0,"footnotes":""},"categories":[4],"tags":[],"class_list":["post-12645","post","type-post","status-publish","format-standard","has-post-thumbnail","hentry","category-aktualnosci"],"_links":{"self":[{"href":"https:\/\/www.sp11.gliwice.pl\/index.php?rest_route=\/wp\/v2\/posts\/12645","targetHints":{"allow":["GET"]}}],"collection":[{"href":"https:\/\/www.sp11.gliwice.pl\/index.php?rest_route=\/wp\/v2\/posts"}],"about":[{"href":"https:\/\/www.sp11.gliwice.pl\/index.php?rest_route=\/wp\/v2\/types\/post"}],"author":[{"embeddable":true,"href":"https:\/\/www.sp11.gliwice.pl\/index.php?rest_route=\/wp\/v2\/users\/3"}],"replies":[{"embeddable":true,"href":"https:\/\/www.sp11.gliwice.pl\/index.php?rest_route=%2Fwp%2Fv2%2Fcomments&post=12645"}],"version-history":[{"count":1,"href":"https:\/\/www.sp11.gliwice.pl\/index.php?rest_route=\/wp\/v2\/posts\/12645\/revisions"}],"predecessor-version":[{"id":12647,"href":"https:\/\/www.sp11.gliwice.pl\/index.php?rest_route=\/wp\/v2\/posts\/12645\/revisions\/12647"}],"wp:featuredmedia":[{"embeddable":true,"href":"https:\/\/www.sp11.gliwice.pl\/index.php?rest_route=\/wp\/v2\/media\/12646"}],"wp:attachment":[{"href":"https:\/\/www.sp11.gliwice.pl\/index.php?rest_route=%2Fwp%2Fv2%2Fmedia&parent=12645"}],"wp:term":[{"taxonomy":"category","embeddable":true,"href":"https:\/\/www.sp11.gliwice.pl\/index.php?rest_route=%2Fwp%2Fv2%2Fcategories&post=12645"},{"taxonomy":"post_tag","embeddable":true,"href":"https:\/\/www.sp11.gliwice.pl\/index.php?rest_route=%2Fwp%2Fv2%2Ftags&post=12645"}],"curies":[{"name":"wp","href":"https:\/\/api.w.org\/{rel}","templated":true}]}}