{"id":12642,"date":"2023-12-28T11:08:30","date_gmt":"2023-12-28T10:08:30","guid":{"rendered":"https:\/\/www.sp11.gliwice.pl\/?p=12642"},"modified":"2023-12-28T11:08:30","modified_gmt":"2023-12-28T10:08:30","slug":"wigilia-u-puchatkow","status":"publish","type":"post","link":"https:\/\/www.sp11.gliwice.pl\/?p=12642","title":{"rendered":"WIGILIA  U  PUCHATK\u00d3W"},"content":{"rendered":"<p><span style=\"color: #339966;\">Wigilia Bo\u017cego Narodzenia to jeden z najpi\u0119kniejszych dni w roku, dlatego w naszej przedszkolnej rodzinie prze\u017cywamy go bardzo uroczy\u015bcie.<\/span><\/p>\n<p><span style=\"color: #339966;\">Kultywowanie&nbsp; takich&nbsp; tradycji&nbsp; jest&nbsp; dla&nbsp; dzieci&nbsp; szczeg\u00f3lnie&nbsp; wa\u017cne.&nbsp; Kiedy\u015b&nbsp; one&nbsp; zast\u0105pi\u0105&nbsp; nas \u2013 doros\u0142ych&nbsp; w&nbsp; przekazywaniu&nbsp; tej&nbsp; tradycji, do&nbsp; kt\u00f3rej&nbsp; jeste\u015bmy&nbsp; bardzo&nbsp; przywi\u0105zani&nbsp;i&nbsp; co&nbsp; stanowi&nbsp; dla&nbsp; nas&nbsp; niezaprzeczaln\u0105&nbsp; warto\u015b\u0107.&nbsp; Takie&nbsp; podnios\u0142e&nbsp; chwile&nbsp; nie&nbsp; tylko&nbsp; utrwalaj\u0105&nbsp; dzieciom&nbsp; znajomo\u015b\u0107&nbsp; zwyczaj\u00f3w&nbsp; \u015bwi\u0105tecznych&nbsp; lecz&nbsp; r\u00f3wnie\u017c&nbsp; wzmacniaj\u0105&nbsp; serdeczne&nbsp; relacje&nbsp; mi\u0119dzy&nbsp; nimi.<\/span><\/p>\n<p><span style=\"color: #339966;\">&nbsp;&nbsp;&nbsp;&nbsp;&nbsp;&nbsp;&nbsp; W pi\u0105tek 22 grudnia&nbsp; odby\u0142a si\u0119 w grupie Wigilia. W tym dniu dzieci przysz\u0142y od\u015bwi\u0119tnie ubrane, aby jak nakazuje tradycja czu\u0107 si\u0119 wyj\u0105tkowo. Najprzyjemniejszym momentem tego wydarzenia by\u0142o dzielenie si\u0119 op\u0142atkiem i sk\u0142adanie \u015bwi\u0105tecznych \u017cycze\u0144.<\/span><\/p>\n<p><span style=\"color: #339966;\">Nie zabrak\u0142o r\u00f3wnie\u017c pysznego s\u0142odko- owocowego pocz\u0119stunku i tradycyjnego wigilijnego obiadu.&nbsp;<\/span><\/p>\n<p><span style=\"color: #339966;\">&nbsp;&nbsp;&nbsp;&nbsp;&nbsp;&nbsp;&nbsp; Dzieci przygotowa\u0142y dla swoich Rodzic\u00f3w pi\u0119kne \u015bwi\u0105teczne kartki i zanios\u0142y do domu w\u0142asnor\u0119cznie ozdobione pierniczki.<\/span><\/p>\n<p><span style=\"color: #339966;\">&nbsp;&nbsp;&nbsp;&nbsp;&nbsp;&nbsp;&nbsp;&nbsp;&nbsp;&nbsp;&nbsp;&nbsp;&nbsp;&nbsp;&nbsp;&nbsp; <strong>\u017bYCZYMY&nbsp; WSZYSTKIM&nbsp; WESO\u0141YCH&nbsp; \u015aWI\u0104T !!!!<\/strong><\/span><\/p>\nngg_shortcode_0_placeholder\n","protected":false},"excerpt":{"rendered":"<p>Wigilia Bo\u017cego Narodzenia to jeden z najpi\u0119kniejszych dni w roku, dlatego w naszej przedszkolnej rodzinie prze\u017cywamy go bardzo uroczy\u015bcie. Kultywowanie&nbsp; takich&nbsp; tradycji&nbsp; jest&nbsp; dla&nbsp; dzieci&nbsp; [&hellip;]<\/p>\n","protected":false},"author":3,"featured_media":12643,"comment_status":"closed","ping_status":"closed","sticky":false,"template":"","format":"standard","meta":{"ngg_post_thumbnail":0,"footnotes":""},"categories":[4],"tags":[],"class_list":["post-12642","post","type-post","status-publish","format-standard","has-post-thumbnail","hentry","category-aktualnosci"],"_links":{"self":[{"href":"https:\/\/www.sp11.gliwice.pl\/index.php?rest_route=\/wp\/v2\/posts\/12642","targetHints":{"allow":["GET"]}}],"collection":[{"href":"https:\/\/www.sp11.gliwice.pl\/index.php?rest_route=\/wp\/v2\/posts"}],"about":[{"href":"https:\/\/www.sp11.gliwice.pl\/index.php?rest_route=\/wp\/v2\/types\/post"}],"author":[{"embeddable":true,"href":"https:\/\/www.sp11.gliwice.pl\/index.php?rest_route=\/wp\/v2\/users\/3"}],"replies":[{"embeddable":true,"href":"https:\/\/www.sp11.gliwice.pl\/index.php?rest_route=%2Fwp%2Fv2%2Fcomments&post=12642"}],"version-history":[{"count":1,"href":"https:\/\/www.sp11.gliwice.pl\/index.php?rest_route=\/wp\/v2\/posts\/12642\/revisions"}],"predecessor-version":[{"id":12644,"href":"https:\/\/www.sp11.gliwice.pl\/index.php?rest_route=\/wp\/v2\/posts\/12642\/revisions\/12644"}],"wp:featuredmedia":[{"embeddable":true,"href":"https:\/\/www.sp11.gliwice.pl\/index.php?rest_route=\/wp\/v2\/media\/12643"}],"wp:attachment":[{"href":"https:\/\/www.sp11.gliwice.pl\/index.php?rest_route=%2Fwp%2Fv2%2Fmedia&parent=12642"}],"wp:term":[{"taxonomy":"category","embeddable":true,"href":"https:\/\/www.sp11.gliwice.pl\/index.php?rest_route=%2Fwp%2Fv2%2Fcategories&post=12642"},{"taxonomy":"post_tag","embeddable":true,"href":"https:\/\/www.sp11.gliwice.pl\/index.php?rest_route=%2Fwp%2Fv2%2Ftags&post=12642"}],"curies":[{"name":"wp","href":"https:\/\/api.w.org\/{rel}","templated":true}]}}