{"id":12582,"date":"2023-12-28T10:41:33","date_gmt":"2023-12-28T09:41:33","guid":{"rendered":"https:\/\/www.sp11.gliwice.pl\/?p=12582"},"modified":"2023-12-28T10:41:45","modified_gmt":"2023-12-28T09:41:45","slug":"12582","status":"publish","type":"post","link":"https:\/\/www.sp11.gliwice.pl\/?p=12582","title":{"rendered":""},"content":{"rendered":"<p><span style=\"color: #000000;\">Uczennice naszej szko\u0142y odnios\u0142y &nbsp;sukces w IX&nbsp; Mi\u0119dzyszkolnym Konkursie Plastycznym <\/span><span style=\"color: #000000;\">\u201eMoje wymarzone drzewko \u015bwi\u0105teczne\u201d <\/span><span style=\"color: #000000;\">organizowanym przez Zesp\u00f3\u0142 Szkolno- Przedszkolny nr 4 w Gliwicach.<\/span><\/p>\n<p><span style=\"color: #000000;\">Hanna Lemczak uczennica klasy 3a zaj\u0119\u0142a <strong>II miejsce<\/strong>,<\/span><\/p>\n<p><span style=\"color: #000000;\">a Julia Jurek z klasy 2b zaj\u0119\u0142a <strong>III miejsce.<\/strong><\/span><\/p>\n<p>&nbsp;&nbsp;&nbsp;&nbsp;&nbsp;&nbsp;&nbsp;&nbsp;&nbsp;&nbsp;&nbsp;&nbsp;&nbsp;&nbsp;&nbsp;&nbsp;&nbsp;&nbsp;&nbsp;&nbsp;&nbsp;&nbsp;&nbsp;&nbsp;&nbsp;&nbsp;&nbsp;&nbsp;&nbsp;&nbsp;&nbsp;&nbsp;&nbsp;&nbsp;&nbsp;&nbsp;&nbsp;&nbsp;&nbsp;&nbsp;&nbsp;&nbsp;&nbsp;&nbsp;&nbsp;&nbsp;&nbsp;&nbsp;&nbsp;&nbsp;&nbsp;&nbsp;&nbsp;&nbsp;&nbsp;&nbsp;&nbsp;&nbsp;&nbsp;&nbsp;&nbsp;&nbsp;&nbsp;&nbsp;&nbsp;&nbsp;&nbsp;&nbsp;&nbsp;&nbsp;&nbsp;&nbsp;&nbsp;&nbsp;&nbsp;&nbsp;&nbsp;&nbsp;&nbsp;&nbsp;&nbsp;&nbsp;&nbsp;&nbsp;&nbsp;&nbsp;<em>&nbsp;&nbsp;&nbsp;&nbsp;&nbsp;&nbsp; Serdecznie gratulujemy !!!<\/em><\/p>\nngg_shortcode_0_placeholder\n","protected":false},"excerpt":{"rendered":"<p>Uczennice naszej szko\u0142y odnios\u0142y &nbsp;sukces w IX&nbsp; Mi\u0119dzyszkolnym Konkursie Plastycznym \u201eMoje wymarzone drzewko \u015bwi\u0105teczne\u201d organizowanym przez Zesp\u00f3\u0142 Szkolno- Przedszkolny nr 4 w Gliwicach. Hanna Lemczak [&hellip;]<\/p>\n","protected":false},"author":3,"featured_media":12583,"comment_status":"closed","ping_status":"closed","sticky":false,"template":"","format":"standard","meta":{"ngg_post_thumbnail":0,"footnotes":""},"categories":[4],"tags":[],"class_list":["post-12582","post","type-post","status-publish","format-standard","has-post-thumbnail","hentry","category-aktualnosci"],"_links":{"self":[{"href":"https:\/\/www.sp11.gliwice.pl\/index.php?rest_route=\/wp\/v2\/posts\/12582","targetHints":{"allow":["GET"]}}],"collection":[{"href":"https:\/\/www.sp11.gliwice.pl\/index.php?rest_route=\/wp\/v2\/posts"}],"about":[{"href":"https:\/\/www.sp11.gliwice.pl\/index.php?rest_route=\/wp\/v2\/types\/post"}],"author":[{"embeddable":true,"href":"https:\/\/www.sp11.gliwice.pl\/index.php?rest_route=\/wp\/v2\/users\/3"}],"replies":[{"embeddable":true,"href":"https:\/\/www.sp11.gliwice.pl\/index.php?rest_route=%2Fwp%2Fv2%2Fcomments&post=12582"}],"version-history":[{"count":2,"href":"https:\/\/www.sp11.gliwice.pl\/index.php?rest_route=\/wp\/v2\/posts\/12582\/revisions"}],"predecessor-version":[{"id":12585,"href":"https:\/\/www.sp11.gliwice.pl\/index.php?rest_route=\/wp\/v2\/posts\/12582\/revisions\/12585"}],"wp:featuredmedia":[{"embeddable":true,"href":"https:\/\/www.sp11.gliwice.pl\/index.php?rest_route=\/wp\/v2\/media\/12583"}],"wp:attachment":[{"href":"https:\/\/www.sp11.gliwice.pl\/index.php?rest_route=%2Fwp%2Fv2%2Fmedia&parent=12582"}],"wp:term":[{"taxonomy":"category","embeddable":true,"href":"https:\/\/www.sp11.gliwice.pl\/index.php?rest_route=%2Fwp%2Fv2%2Fcategories&post=12582"},{"taxonomy":"post_tag","embeddable":true,"href":"https:\/\/www.sp11.gliwice.pl\/index.php?rest_route=%2Fwp%2Fv2%2Ftags&post=12582"}],"curies":[{"name":"wp","href":"https:\/\/api.w.org\/{rel}","templated":true}]}}