{"id":12565,"date":"2023-12-22T12:15:08","date_gmt":"2023-12-22T11:15:08","guid":{"rendered":"https:\/\/www.sp11.gliwice.pl\/?p=12565"},"modified":"2023-12-22T13:00:44","modified_gmt":"2023-12-22T12:00:44","slug":"coraz-blizej-swieta-coraz-blizej-swieta","status":"publish","type":"post","link":"https:\/\/www.sp11.gliwice.pl\/?p=12565","title":{"rendered":"Coraz bli\u017cej \u015bwi\u0119ta, coraz bli\u017cej \u015bwi\u0119ta &#8230; :)"},"content":{"rendered":"<p><span style=\"color: #008000;\">Z okazji zbli\u017caj\u0105cych si\u0119 \u015awi\u0105t Bo\u017cego Narodzenia w dniu dzisiejszym na sali gimnastycznej odby\u0142y si\u0119 szkolne Jase\u0142ka przygotowane przez Pani\u0105 Monik\u0119 Magier\u0119 i Pani\u0105 Joann\u0119 Schmidt oraz uczni\u00f3w klas 1, 5, 6, 7 i 8.<\/span><\/p>\n<p><span style=\"color: #008000;\">Przepi\u0119kne przedstawienie, wystr\u00f3j sali i brzmienie \u015bpiewanych przez wszystkich kol\u0119d wprowadzi\u0142y nas w naprawd\u0119 magiczny i \u015bwi\u0105teczny nastr\u00f3j : ) Dzi\u0119kujemy ! \ud83d\ude42 <\/span><\/p>\n<p><span style=\"color: #008000;\">\u017byczenia \u015bwi\u0105teczne z\u0142o\u017cy\u0142 wszystkim zaproszony&nbsp; na Jase\u0142ka&nbsp; proboszcz ks.Krystian Ga\u0142\u0105ska, a dyrektor szko\u0142y podzi\u0119kowa\u0142 wszystkim za ten rok rok, nauczycielom za przygotowane przedstawienie i uczniom za liczne sukcesy odnoszone na niwie plastycznej, literackiej, muzycznej i sportowej \ud83d\ude42 <\/span><\/p>\n<p><span style=\"color: #008000;\">Wszystkim \u017cyczymy zdrowych, spokojnych \u015awi\u0105t i wszelkiej pomy\u015blno\u015bci w Nowym 2024 Roku ! \ud83d\ude42<\/span><\/p>\n<p>&nbsp;<\/p>\n<div class=\"x11i5rnm xat24cr x1mh8g0r x1vvkbs xtlvy1s x126k92a\">\n<div dir=\"auto\"><span style=\"color: #3366ff;\">Zapraszamy do obejrzenia kartek \u015bwi\u0105tecznych przygotowanych przez uczni\u00f3w <span class=\"x3nfvp2 x1j61x8r x1fcty0u xdj266r xhhsvwb xat24cr xgzva0m xxymvpz xlup9mm x1kky2od\"><img decoding=\"async\" class=\"xz74otr\" src=\"https:\/\/static.xx.fbcdn.net\/images\/emoji.php\/v9\/t4c\/1\/16\/1f642.png\" alt=\"\ud83d\ude42\" width=\"16\" height=\"16\"><\/span><\/span><\/div>\n<div dir=\"auto\"><a class=\"x1i10hfl xjbqb8w x6umtig x1b1mbwd xaqea5y xav7gou x9f619 x1ypdohk xt0psk2 xe8uvvx xdj266r x11i5rnm xat24cr x1mh8g0r xexx8yu x4uap5 x18d9i69 xkhd6sd x16tdsg8 x1hl2dhg xggy1nq x1a2a7pz xt0b8zv x1fey0fg\" tabindex=\"0\" role=\"link\" href=\"https:\/\/youtu.be\/HXLQ_PDE6yY?fbclid=IwAR0Db0l9SVUbkFgQbIa2tpaUHjfVQgttSyYpIL1mioRKwXm0j3dlgokv26w\" target=\"_blank\" rel=\"nofollow noopener noreferrer\">https:\/\/youtu.be\/HXLQ_PDE6yY<\/a><\/div>\n<div dir=\"auto\">&nbsp;<\/div>\n<\/div>\nngg_shortcode_0_placeholder\n<p>&nbsp;<\/p>\n","protected":false},"excerpt":{"rendered":"<p>Z okazji zbli\u017caj\u0105cych si\u0119 \u015awi\u0105t Bo\u017cego Narodzenia w dniu dzisiejszym na sali gimnastycznej odby\u0142y si\u0119 szkolne Jase\u0142ka przygotowane przez Pani\u0105 Monik\u0119 Magier\u0119 i Pani\u0105 Joann\u0119 [&hellip;]<\/p>\n","protected":false},"author":3,"featured_media":12566,"comment_status":"closed","ping_status":"closed","sticky":false,"template":"","format":"standard","meta":{"ngg_post_thumbnail":0,"footnotes":""},"categories":[4],"tags":[],"class_list":["post-12565","post","type-post","status-publish","format-standard","has-post-thumbnail","hentry","category-aktualnosci"],"_links":{"self":[{"href":"https:\/\/www.sp11.gliwice.pl\/index.php?rest_route=\/wp\/v2\/posts\/12565","targetHints":{"allow":["GET"]}}],"collection":[{"href":"https:\/\/www.sp11.gliwice.pl\/index.php?rest_route=\/wp\/v2\/posts"}],"about":[{"href":"https:\/\/www.sp11.gliwice.pl\/index.php?rest_route=\/wp\/v2\/types\/post"}],"author":[{"embeddable":true,"href":"https:\/\/www.sp11.gliwice.pl\/index.php?rest_route=\/wp\/v2\/users\/3"}],"replies":[{"embeddable":true,"href":"https:\/\/www.sp11.gliwice.pl\/index.php?rest_route=%2Fwp%2Fv2%2Fcomments&post=12565"}],"version-history":[{"count":4,"href":"https:\/\/www.sp11.gliwice.pl\/index.php?rest_route=\/wp\/v2\/posts\/12565\/revisions"}],"predecessor-version":[{"id":12570,"href":"https:\/\/www.sp11.gliwice.pl\/index.php?rest_route=\/wp\/v2\/posts\/12565\/revisions\/12570"}],"wp:featuredmedia":[{"embeddable":true,"href":"https:\/\/www.sp11.gliwice.pl\/index.php?rest_route=\/wp\/v2\/media\/12566"}],"wp:attachment":[{"href":"https:\/\/www.sp11.gliwice.pl\/index.php?rest_route=%2Fwp%2Fv2%2Fmedia&parent=12565"}],"wp:term":[{"taxonomy":"category","embeddable":true,"href":"https:\/\/www.sp11.gliwice.pl\/index.php?rest_route=%2Fwp%2Fv2%2Fcategories&post=12565"},{"taxonomy":"post_tag","embeddable":true,"href":"https:\/\/www.sp11.gliwice.pl\/index.php?rest_route=%2Fwp%2Fv2%2Ftags&post=12565"}],"curies":[{"name":"wp","href":"https:\/\/api.w.org\/{rel}","templated":true}]}}