{"id":12502,"date":"2023-12-22T08:58:32","date_gmt":"2023-12-22T07:58:32","guid":{"rendered":"https:\/\/www.sp11.gliwice.pl\/?p=12502"},"modified":"2023-12-22T09:36:59","modified_gmt":"2023-12-22T08:36:59","slug":"konkurs-przedszkolny-rozstrzygniety","status":"publish","type":"post","link":"https:\/\/www.sp11.gliwice.pl\/?p=12502","title":{"rendered":"Konkurs przedszkolny rozstrzygni\u0119ty :)"},"content":{"rendered":"<p><span style=\"color: #000000;\">W grudniu w naszym przedszkolu zosta\u0142 og\u0142oszony Rodzinny Konkurs na Najpi\u0119kniejsz\u0105 Ozdob\u0119 \u015awi\u0105teczn\u0105 \ud83d\ude42 <\/span><\/p>\n<p><span style=\"color: #000000;\">Wp\u0142yn\u0119\u0142o 20 prac \ud83d\ude42 Jury wyr\u00f3\u017cni\u0142o 8 najciekawszych doceniaj\u0105c r\u00f3wnie\u017c wk\u0142ad pracy w\u0142asnej \ud83d\ude42 <\/span><\/p>\n<p>&#8211; Ada\u015b Alberczyk<br \/>\n&#8211; Tymon Krzysteczko<br \/>\n&#8211; Nina Lewicka<br \/>\n&#8211; Dominik i Ignacy Borek<br \/>\n&#8211; Kornelia Krawiec<br \/>\n&#8211; Filip Wo\u0142oszyn<br \/>\n&#8211; Eryk Zdeb<br \/>\n&#8211; Zosia Bruzdewicz<\/p>\n<p><span style=\"color: #000000;\">Gratulujemy i zapraszamy do udzia\u0142u za rok \ud83d\ude42<\/span><\/p>\nngg_shortcode_0_placeholder\n","protected":false},"excerpt":{"rendered":"<p>W grudniu w naszym przedszkolu zosta\u0142 og\u0142oszony Rodzinny Konkurs na Najpi\u0119kniejsz\u0105 Ozdob\u0119 \u015awi\u0105teczn\u0105 \ud83d\ude42 Wp\u0142yn\u0119\u0142o 20 prac \ud83d\ude42 Jury wyr\u00f3\u017cni\u0142o 8 najciekawszych doceniaj\u0105c r\u00f3wnie\u017c wk\u0142ad [&hellip;]<\/p>\n","protected":false},"author":3,"featured_media":12521,"comment_status":"closed","ping_status":"closed","sticky":false,"template":"","format":"standard","meta":{"ngg_post_thumbnail":0,"footnotes":""},"categories":[4],"tags":[],"class_list":["post-12502","post","type-post","status-publish","format-standard","has-post-thumbnail","hentry","category-aktualnosci"],"_links":{"self":[{"href":"https:\/\/www.sp11.gliwice.pl\/index.php?rest_route=\/wp\/v2\/posts\/12502","targetHints":{"allow":["GET"]}}],"collection":[{"href":"https:\/\/www.sp11.gliwice.pl\/index.php?rest_route=\/wp\/v2\/posts"}],"about":[{"href":"https:\/\/www.sp11.gliwice.pl\/index.php?rest_route=\/wp\/v2\/types\/post"}],"author":[{"embeddable":true,"href":"https:\/\/www.sp11.gliwice.pl\/index.php?rest_route=\/wp\/v2\/users\/3"}],"replies":[{"embeddable":true,"href":"https:\/\/www.sp11.gliwice.pl\/index.php?rest_route=%2Fwp%2Fv2%2Fcomments&post=12502"}],"version-history":[{"count":3,"href":"https:\/\/www.sp11.gliwice.pl\/index.php?rest_route=\/wp\/v2\/posts\/12502\/revisions"}],"predecessor-version":[{"id":12523,"href":"https:\/\/www.sp11.gliwice.pl\/index.php?rest_route=\/wp\/v2\/posts\/12502\/revisions\/12523"}],"wp:featuredmedia":[{"embeddable":true,"href":"https:\/\/www.sp11.gliwice.pl\/index.php?rest_route=\/wp\/v2\/media\/12521"}],"wp:attachment":[{"href":"https:\/\/www.sp11.gliwice.pl\/index.php?rest_route=%2Fwp%2Fv2%2Fmedia&parent=12502"}],"wp:term":[{"taxonomy":"category","embeddable":true,"href":"https:\/\/www.sp11.gliwice.pl\/index.php?rest_route=%2Fwp%2Fv2%2Fcategories&post=12502"},{"taxonomy":"post_tag","embeddable":true,"href":"https:\/\/www.sp11.gliwice.pl\/index.php?rest_route=%2Fwp%2Fv2%2Ftags&post=12502"}],"curies":[{"name":"wp","href":"https:\/\/api.w.org\/{rel}","templated":true}]}}