{"id":12499,"date":"2023-12-22T08:50:36","date_gmt":"2023-12-22T07:50:36","guid":{"rendered":"https:\/\/www.sp11.gliwice.pl\/?p=12499"},"modified":"2023-12-22T08:58:59","modified_gmt":"2023-12-22T07:58:59","slug":"sukces-naszego-pierwszoklasisty","status":"publish","type":"post","link":"https:\/\/www.sp11.gliwice.pl\/?p=12499","title":{"rendered":"Sukces naszego Pierwszoklasisty :)"},"content":{"rendered":"<p><span style=\"color: #000000;\">Marcel \u0141opaci\u0144ski z klasy 1 otrzyma\u0142 wyr\u00f3\u017cnienie w XVIII Edycji Mi\u0119dzyszkolnego Konkursu Plastycznego \u201eWszystkie zwierz\u0119ta du\u017ce i ma\u0142e\u201d organizowanego przez Zesp\u00f3l Szkolno &#8211; Przedszkolny nr 11 w Gliwicach.<\/span><\/p>\n<p><span style=\"color: #000000;\">Serdecznie gratulujemy i \u017cyczymy Marcelowi dalszych sukces\u00f3w. \ud83d\ude42<\/span><\/p>\nngg_shortcode_0_placeholder\n","protected":false},"excerpt":{"rendered":"<p>Marcel \u0141opaci\u0144ski z klasy 1 otrzyma\u0142 wyr\u00f3\u017cnienie w XVIII Edycji Mi\u0119dzyszkolnego Konkursu Plastycznego \u201eWszystkie zwierz\u0119ta du\u017ce i ma\u0142e\u201d organizowanego przez Zesp\u00f3l Szkolno &#8211; Przedszkolny nr [&hellip;]<\/p>\n","protected":false},"author":3,"featured_media":12500,"comment_status":"closed","ping_status":"closed","sticky":false,"template":"","format":"standard","meta":{"ngg_post_thumbnail":0,"footnotes":""},"categories":[4],"tags":[],"class_list":["post-12499","post","type-post","status-publish","format-standard","has-post-thumbnail","hentry","category-aktualnosci"],"_links":{"self":[{"href":"https:\/\/www.sp11.gliwice.pl\/index.php?rest_route=\/wp\/v2\/posts\/12499","targetHints":{"allow":["GET"]}}],"collection":[{"href":"https:\/\/www.sp11.gliwice.pl\/index.php?rest_route=\/wp\/v2\/posts"}],"about":[{"href":"https:\/\/www.sp11.gliwice.pl\/index.php?rest_route=\/wp\/v2\/types\/post"}],"author":[{"embeddable":true,"href":"https:\/\/www.sp11.gliwice.pl\/index.php?rest_route=\/wp\/v2\/users\/3"}],"replies":[{"embeddable":true,"href":"https:\/\/www.sp11.gliwice.pl\/index.php?rest_route=%2Fwp%2Fv2%2Fcomments&post=12499"}],"version-history":[{"count":2,"href":"https:\/\/www.sp11.gliwice.pl\/index.php?rest_route=\/wp\/v2\/posts\/12499\/revisions"}],"predecessor-version":[{"id":12505,"href":"https:\/\/www.sp11.gliwice.pl\/index.php?rest_route=\/wp\/v2\/posts\/12499\/revisions\/12505"}],"wp:featuredmedia":[{"embeddable":true,"href":"https:\/\/www.sp11.gliwice.pl\/index.php?rest_route=\/wp\/v2\/media\/12500"}],"wp:attachment":[{"href":"https:\/\/www.sp11.gliwice.pl\/index.php?rest_route=%2Fwp%2Fv2%2Fmedia&parent=12499"}],"wp:term":[{"taxonomy":"category","embeddable":true,"href":"https:\/\/www.sp11.gliwice.pl\/index.php?rest_route=%2Fwp%2Fv2%2Fcategories&post=12499"},{"taxonomy":"post_tag","embeddable":true,"href":"https:\/\/www.sp11.gliwice.pl\/index.php?rest_route=%2Fwp%2Fv2%2Ftags&post=12499"}],"curies":[{"name":"wp","href":"https:\/\/api.w.org\/{rel}","templated":true}]}}