{"id":12374,"date":"2023-12-15T10:31:17","date_gmt":"2023-12-15T09:31:17","guid":{"rendered":"https:\/\/www.sp11.gliwice.pl\/?p=12374"},"modified":"2023-12-15T10:55:17","modified_gmt":"2023-12-15T09:55:17","slug":"final-wojewodzki-igrzysk-mlodziezy-szkolnej-w-unihokeju","status":"publish","type":"post","link":"https:\/\/www.sp11.gliwice.pl\/?p=12374","title":{"rendered":"Fina\u0142 wojew\u00f3dzki Igrzysk M\u0142odzie\u017cy Szkolnej w unihokeju"},"content":{"rendered":"<p><span style=\"color: #000000;\">14 grudnia 2023 w Sosnowcu odby\u0142 si\u0119 Wojew\u00f3dzki Fina\u0142 Igrzysk M\u0142odzie\u017cy Szkolnej w unihokeju, kt\u00f3ry dla naszych dziewcz\u0105t zako\u0144czy\u0142 si\u0119 bardzo pomy\u015blnie! Zajmuj\u0105c I miejsce w turnieju zosta\u0142y tym samym Mistrzyniami \u015al\u0105ska w unihokeju w kategorii dziewcz\u0105t!!! GRATULUJEMY !!!!&nbsp; \ud83d\ude42 <\/span><\/p>\n<div class=\"x11i5rnm xat24cr x1mh8g0r x1vvkbs xtlvy1s x126k92a\">\n<div dir=\"auto\"><span style=\"color: #000000;\">Jako Mistrzowie \u015al\u0105ska b\u0119dziemy reprezentowa\u0107 wojew\u00f3dztwo \u015bl\u0105skie na zawodach og\u00f3lnopolskich, w wielkim Festiwalu Unihokeja w Elbl\u0105gu w dniach 31 maja &#8211; 2 czerwca 2024&nbsp; \ud83d\ude42<\/span><\/div>\n<div dir=\"auto\">ngg_shortcode_0_placeholder<\/div>\n<div dir=\"auto\">&nbsp;<\/div>\n<div dir=\"auto\">&nbsp;<\/div>\n<\/div>\n","protected":false},"excerpt":{"rendered":"<p>14 grudnia 2023 w Sosnowcu odby\u0142 si\u0119 Wojew\u00f3dzki Fina\u0142 Igrzysk M\u0142odzie\u017cy Szkolnej w unihokeju, kt\u00f3ry dla naszych dziewcz\u0105t zako\u0144czy\u0142 si\u0119 bardzo pomy\u015blnie! Zajmuj\u0105c I miejsce [&hellip;]<\/p>\n","protected":false},"author":3,"featured_media":12377,"comment_status":"closed","ping_status":"closed","sticky":false,"template":"","format":"standard","meta":{"ngg_post_thumbnail":0,"footnotes":""},"categories":[4],"tags":[],"class_list":["post-12374","post","type-post","status-publish","format-standard","has-post-thumbnail","hentry","category-aktualnosci"],"_links":{"self":[{"href":"https:\/\/www.sp11.gliwice.pl\/index.php?rest_route=\/wp\/v2\/posts\/12374","targetHints":{"allow":["GET"]}}],"collection":[{"href":"https:\/\/www.sp11.gliwice.pl\/index.php?rest_route=\/wp\/v2\/posts"}],"about":[{"href":"https:\/\/www.sp11.gliwice.pl\/index.php?rest_route=\/wp\/v2\/types\/post"}],"author":[{"embeddable":true,"href":"https:\/\/www.sp11.gliwice.pl\/index.php?rest_route=\/wp\/v2\/users\/3"}],"replies":[{"embeddable":true,"href":"https:\/\/www.sp11.gliwice.pl\/index.php?rest_route=%2Fwp%2Fv2%2Fcomments&post=12374"}],"version-history":[{"count":2,"href":"https:\/\/www.sp11.gliwice.pl\/index.php?rest_route=\/wp\/v2\/posts\/12374\/revisions"}],"predecessor-version":[{"id":12380,"href":"https:\/\/www.sp11.gliwice.pl\/index.php?rest_route=\/wp\/v2\/posts\/12374\/revisions\/12380"}],"wp:featuredmedia":[{"embeddable":true,"href":"https:\/\/www.sp11.gliwice.pl\/index.php?rest_route=\/wp\/v2\/media\/12377"}],"wp:attachment":[{"href":"https:\/\/www.sp11.gliwice.pl\/index.php?rest_route=%2Fwp%2Fv2%2Fmedia&parent=12374"}],"wp:term":[{"taxonomy":"category","embeddable":true,"href":"https:\/\/www.sp11.gliwice.pl\/index.php?rest_route=%2Fwp%2Fv2%2Fcategories&post=12374"},{"taxonomy":"post_tag","embeddable":true,"href":"https:\/\/www.sp11.gliwice.pl\/index.php?rest_route=%2Fwp%2Fv2%2Ftags&post=12374"}],"curies":[{"name":"wp","href":"https:\/\/api.w.org\/{rel}","templated":true}]}}