{"id":12198,"date":"2023-12-06T19:46:00","date_gmt":"2023-12-06T18:46:00","guid":{"rendered":"https:\/\/www.sp11.gliwice.pl\/?p=12198"},"modified":"2023-12-06T19:46:00","modified_gmt":"2023-12-06T18:46:00","slug":"12198","status":"publish","type":"post","link":"https:\/\/www.sp11.gliwice.pl\/?p=12198","title":{"rendered":""},"content":{"rendered":"<p><span class=\"x4k7w5x x1h91t0o x1h9r5lt x1jfb8zj xv2umb2 x1beo9mf xaigb6o x12ejxvf x3igimt xarpa2k xedcshv x1lytzrv x1t2pt76 x7ja8zs x1qrby5j\" style=\"color: #000000;\"><span class=\"x193iq5w xeuugli x13faqbe x1vvkbs x1xmvt09 x1lliihq x1s928wv xhkezso x1gmr53x x1cpjm7i x1fgarty x1943h6x xudqn12 x3x7a5m x6prxxf xvq8zen xo1l8bm x14ctfv\" dir=\"auto\">W dniu 05.12.2023 r. uczniowie klas 7a i 8a uczestniczyli w zaj\u0119ciach, realizowanych w ramach akcji edukacyjnej Krajowej Administracji Skarbowej. Pracownicy Pierwszego Urz\u0119du Skarbowego w Gliwicac &#8211; Pani Agnieszka Siwik-Hatko i pan Dariusz Biel przybli\u017cyli uczniom temat &#8222;Hazardu&#8221;, w tym uzale\u017cnienia od niego. Honorowy patronat nad akcj\u0105 obj\u0119\u0142o Ministerstwo Finans\u00f3w oraz Ministerstwo Edukacji i Nauki.<\/span><\/span><\/p>\n<p style=\"text-align: right;\"><em>mgr Joanna Magiera &#8211; pedagog szkolny<\/em><\/p>\nngg_shortcode_0_placeholder\n","protected":false},"excerpt":{"rendered":"<p>W dniu 05.12.2023 r. uczniowie klas 7a i 8a uczestniczyli w zaj\u0119ciach, realizowanych w ramach akcji edukacyjnej Krajowej Administracji Skarbowej. Pracownicy Pierwszego Urz\u0119du Skarbowego w [&hellip;]<\/p>\n","protected":false},"author":3,"featured_media":12199,"comment_status":"closed","ping_status":"closed","sticky":false,"template":"","format":"standard","meta":{"ngg_post_thumbnail":0,"footnotes":""},"categories":[4],"tags":[],"class_list":["post-12198","post","type-post","status-publish","format-standard","has-post-thumbnail","hentry","category-aktualnosci"],"_links":{"self":[{"href":"https:\/\/www.sp11.gliwice.pl\/index.php?rest_route=\/wp\/v2\/posts\/12198","targetHints":{"allow":["GET"]}}],"collection":[{"href":"https:\/\/www.sp11.gliwice.pl\/index.php?rest_route=\/wp\/v2\/posts"}],"about":[{"href":"https:\/\/www.sp11.gliwice.pl\/index.php?rest_route=\/wp\/v2\/types\/post"}],"author":[{"embeddable":true,"href":"https:\/\/www.sp11.gliwice.pl\/index.php?rest_route=\/wp\/v2\/users\/3"}],"replies":[{"embeddable":true,"href":"https:\/\/www.sp11.gliwice.pl\/index.php?rest_route=%2Fwp%2Fv2%2Fcomments&post=12198"}],"version-history":[{"count":1,"href":"https:\/\/www.sp11.gliwice.pl\/index.php?rest_route=\/wp\/v2\/posts\/12198\/revisions"}],"predecessor-version":[{"id":12200,"href":"https:\/\/www.sp11.gliwice.pl\/index.php?rest_route=\/wp\/v2\/posts\/12198\/revisions\/12200"}],"wp:featuredmedia":[{"embeddable":true,"href":"https:\/\/www.sp11.gliwice.pl\/index.php?rest_route=\/wp\/v2\/media\/12199"}],"wp:attachment":[{"href":"https:\/\/www.sp11.gliwice.pl\/index.php?rest_route=%2Fwp%2Fv2%2Fmedia&parent=12198"}],"wp:term":[{"taxonomy":"category","embeddable":true,"href":"https:\/\/www.sp11.gliwice.pl\/index.php?rest_route=%2Fwp%2Fv2%2Fcategories&post=12198"},{"taxonomy":"post_tag","embeddable":true,"href":"https:\/\/www.sp11.gliwice.pl\/index.php?rest_route=%2Fwp%2Fv2%2Ftags&post=12198"}],"curies":[{"name":"wp","href":"https:\/\/api.w.org\/{rel}","templated":true}]}}