{"id":12181,"date":"2023-12-05T13:13:20","date_gmt":"2023-12-05T12:13:20","guid":{"rendered":"https:\/\/www.sp11.gliwice.pl\/?p=12181"},"modified":"2023-12-05T13:13:20","modified_gmt":"2023-12-05T12:13:20","slug":"obchody-dnia-gornika","status":"publish","type":"post","link":"https:\/\/www.sp11.gliwice.pl\/?p=12181","title":{"rendered":"OBCHODY  DNIA  G\u00d3RNIKA"},"content":{"rendered":"<p><span style=\"color: #000000;\"><strong>OBCHODY&nbsp; DNIA&nbsp; G\u00d3RNIKA<\/strong><\/span><\/p>\n<p><span style=\"color: #000000;\">Jak co roku, w okresie grudniowym w naszym przedszkolu obchodzili\u015bmy Dzie\u0144 G\u00f3rnika.<\/span><\/p>\n<p><span style=\"color: #000000;\">&nbsp;&nbsp;&nbsp;&nbsp;&nbsp;&nbsp;&nbsp;&nbsp; W grupach&nbsp; w przeprowadzono zaj\u0119cia, na kt\u00f3rych dzieci mia\u0142y okazj\u0119 wzbogaci\u0107 swoje wiadomo\u015bci o wygl\u0105dzie kopalni, o trudach i niebezpiecznej pracy g\u00f3rnik\u00f3w,&nbsp; ich zwyczajach i formach obchodzenia \u015awi\u0119ta.<\/span><\/p>\n<p><span style=\"color: #000000;\">Dzi\u0119ki obejrzanej&nbsp; prezentacji , przedszkolaki mog\u0142y dowiedzie\u0107 si\u0119 wielu ciekawostek na temat patronki g\u00f3rnik\u00f3w \u015bw. Barbary, jak r\u00f3wnie\u017c pos\u0142ucha\u0107 g\u00f3rniczej orkiestry.<\/span><\/p>\n<p><span style=\"color: #000000;\">&nbsp;&nbsp;&nbsp; Zako\u0144czeniem dnia by\u0142y zaj\u0119cia plastyczne zwi\u0105zane z Barb\u00f3rkowym \u015awi\u0119tem.<\/span><\/p>\n<p style=\"text-align: right;\"><em>mgr Cecylia Pierzcha\u0142a<\/em><\/p>\nngg_shortcode_0_placeholder\n","protected":false},"excerpt":{"rendered":"<p>OBCHODY&nbsp; DNIA&nbsp; G\u00d3RNIKA Jak co roku, w okresie grudniowym w naszym przedszkolu obchodzili\u015bmy Dzie\u0144 G\u00f3rnika. &nbsp;&nbsp;&nbsp;&nbsp;&nbsp;&nbsp;&nbsp;&nbsp; W grupach&nbsp; w przeprowadzono zaj\u0119cia, na kt\u00f3rych dzieci mia\u0142y [&hellip;]<\/p>\n","protected":false},"author":3,"featured_media":12184,"comment_status":"closed","ping_status":"closed","sticky":false,"template":"","format":"standard","meta":{"ngg_post_thumbnail":0,"footnotes":""},"categories":[4],"tags":[],"class_list":["post-12181","post","type-post","status-publish","format-standard","has-post-thumbnail","hentry","category-aktualnosci"],"_links":{"self":[{"href":"https:\/\/www.sp11.gliwice.pl\/index.php?rest_route=\/wp\/v2\/posts\/12181","targetHints":{"allow":["GET"]}}],"collection":[{"href":"https:\/\/www.sp11.gliwice.pl\/index.php?rest_route=\/wp\/v2\/posts"}],"about":[{"href":"https:\/\/www.sp11.gliwice.pl\/index.php?rest_route=\/wp\/v2\/types\/post"}],"author":[{"embeddable":true,"href":"https:\/\/www.sp11.gliwice.pl\/index.php?rest_route=\/wp\/v2\/users\/3"}],"replies":[{"embeddable":true,"href":"https:\/\/www.sp11.gliwice.pl\/index.php?rest_route=%2Fwp%2Fv2%2Fcomments&post=12181"}],"version-history":[{"count":1,"href":"https:\/\/www.sp11.gliwice.pl\/index.php?rest_route=\/wp\/v2\/posts\/12181\/revisions"}],"predecessor-version":[{"id":12185,"href":"https:\/\/www.sp11.gliwice.pl\/index.php?rest_route=\/wp\/v2\/posts\/12181\/revisions\/12185"}],"wp:featuredmedia":[{"embeddable":true,"href":"https:\/\/www.sp11.gliwice.pl\/index.php?rest_route=\/wp\/v2\/media\/12184"}],"wp:attachment":[{"href":"https:\/\/www.sp11.gliwice.pl\/index.php?rest_route=%2Fwp%2Fv2%2Fmedia&parent=12181"}],"wp:term":[{"taxonomy":"category","embeddable":true,"href":"https:\/\/www.sp11.gliwice.pl\/index.php?rest_route=%2Fwp%2Fv2%2Fcategories&post=12181"},{"taxonomy":"post_tag","embeddable":true,"href":"https:\/\/www.sp11.gliwice.pl\/index.php?rest_route=%2Fwp%2Fv2%2Ftags&post=12181"}],"curies":[{"name":"wp","href":"https:\/\/api.w.org\/{rel}","templated":true}]}}