{"id":12095,"date":"2023-11-30T11:33:55","date_gmt":"2023-11-30T10:33:55","guid":{"rendered":"https:\/\/www.sp11.gliwice.pl\/?p=12095"},"modified":"2023-11-30T11:33:55","modified_gmt":"2023-11-30T10:33:55","slug":"12095","status":"publish","type":"post","link":"https:\/\/www.sp11.gliwice.pl\/?p=12095","title":{"rendered":""},"content":{"rendered":"<p><span style=\"color: #000000;\">W dniu 29.11.2023 r. uczniowie klasy \u00f3smej uczestniczyli pod opiek\u0105 wychowawcy i pedagoga szkolnego w IX Gliwickich Targach Zawod\u00f3w, zorganizowanych, jak co roku, w hali sportowej w Centrum Kszta\u0142cenia Zawodowego i Ustawicznego nr 1 w Gliwicach. Uczniowie odwiedzali stanowiska szk\u00f3\u0142, zapoznawali si\u0119 ofertami kszta\u0142cenia w konkretnych zawodach. Ca\u0142o\u015b\u0107 wydarzenia u\u015bwietnia\u0142y pokazy taneczne, do kt\u00f3rych do\u0142\u0105czali nasi uczniowie. Brawa dla nich za odwag\u0119 \ud83d\ude42<\/span><\/p>\n<p style=\"text-align: right;\"><em>mgr Joanna Magiera &#8211; pedagog szkolny<\/em><\/p>\nngg_shortcode_0_placeholder\n","protected":false},"excerpt":{"rendered":"<p>W dniu 29.11.2023 r. uczniowie klasy \u00f3smej uczestniczyli pod opiek\u0105 wychowawcy i pedagoga szkolnego w IX Gliwickich Targach Zawod\u00f3w, zorganizowanych, jak co roku, w hali [&hellip;]<\/p>\n","protected":false},"author":3,"featured_media":12096,"comment_status":"closed","ping_status":"closed","sticky":false,"template":"","format":"standard","meta":{"ngg_post_thumbnail":0,"footnotes":""},"categories":[4],"tags":[],"class_list":["post-12095","post","type-post","status-publish","format-standard","has-post-thumbnail","hentry","category-aktualnosci"],"_links":{"self":[{"href":"https:\/\/www.sp11.gliwice.pl\/index.php?rest_route=\/wp\/v2\/posts\/12095","targetHints":{"allow":["GET"]}}],"collection":[{"href":"https:\/\/www.sp11.gliwice.pl\/index.php?rest_route=\/wp\/v2\/posts"}],"about":[{"href":"https:\/\/www.sp11.gliwice.pl\/index.php?rest_route=\/wp\/v2\/types\/post"}],"author":[{"embeddable":true,"href":"https:\/\/www.sp11.gliwice.pl\/index.php?rest_route=\/wp\/v2\/users\/3"}],"replies":[{"embeddable":true,"href":"https:\/\/www.sp11.gliwice.pl\/index.php?rest_route=%2Fwp%2Fv2%2Fcomments&post=12095"}],"version-history":[{"count":1,"href":"https:\/\/www.sp11.gliwice.pl\/index.php?rest_route=\/wp\/v2\/posts\/12095\/revisions"}],"predecessor-version":[{"id":12097,"href":"https:\/\/www.sp11.gliwice.pl\/index.php?rest_route=\/wp\/v2\/posts\/12095\/revisions\/12097"}],"wp:featuredmedia":[{"embeddable":true,"href":"https:\/\/www.sp11.gliwice.pl\/index.php?rest_route=\/wp\/v2\/media\/12096"}],"wp:attachment":[{"href":"https:\/\/www.sp11.gliwice.pl\/index.php?rest_route=%2Fwp%2Fv2%2Fmedia&parent=12095"}],"wp:term":[{"taxonomy":"category","embeddable":true,"href":"https:\/\/www.sp11.gliwice.pl\/index.php?rest_route=%2Fwp%2Fv2%2Fcategories&post=12095"},{"taxonomy":"post_tag","embeddable":true,"href":"https:\/\/www.sp11.gliwice.pl\/index.php?rest_route=%2Fwp%2Fv2%2Ftags&post=12095"}],"curies":[{"name":"wp","href":"https:\/\/api.w.org\/{rel}","templated":true}]}}