{"id":12056,"date":"2023-11-29T11:18:32","date_gmt":"2023-11-29T10:18:32","guid":{"rendered":"https:\/\/www.sp11.gliwice.pl\/?p=12056"},"modified":"2023-11-29T11:18:32","modified_gmt":"2023-11-29T10:18:32","slug":"do-willi-caro-w-oczekiwaniu-na-boze-narodzenie","status":"publish","type":"post","link":"https:\/\/www.sp11.gliwice.pl\/?p=12056","title":{"rendered":"Do Willi Caro \u2013 w oczekiwaniu na Bo\u017ce Narodzenie"},"content":{"rendered":"<p><span style=\"color: #000000;\">&nbsp;&nbsp;&nbsp;&nbsp;&nbsp;&nbsp;&nbsp;&nbsp;&nbsp;&nbsp;&nbsp; Zbli\u017ca si\u0119 grudzie\u0144, ale my ju\u017c teraz t\u0119sknimy za wyj\u0105tkow\u0105 atmosfer\u0105 \u015awi\u0105t Bo\u017cego Narodzenia. W oczekiwaniu na ten niezwyk\u0142y czas, 28 listopada uczniowie z kl. 7 i kl. 8, wraz z nauczycielami, udali si\u0119 do Willi Caro, gdzie mieli okazj\u0119 wzi\u0105\u0107 udzia\u0142 w warsztatach \u015bwi\u0105tecznych pt. ,,Bo\u017conarodzeniowy Atlas Etnograficzny\u201d.<\/span><\/p>\n<p><span style=\"color: #000000;\">&nbsp;&nbsp;&nbsp;&nbsp;&nbsp;&nbsp;&nbsp;&nbsp;&nbsp;&nbsp;&nbsp; Podczas zaj\u0119\u0107 wyruszyli\u015bmy w \u015bwi\u0105teczno-etnograficzn\u0105 podr\u00f3\u017c po Polsce. Poznali\u015bmy zwyczaje i tradycje bo\u017conarodzeniowe, typowe dla r\u00f3\u017cnych region\u00f3w kraju, a tak\u017ce wybrane przyk\u0142ady dziedzictwa zwi\u0105zanego z obrz\u0119dowo\u015bci\u0105 \u015awi\u0105t Bo\u017cego Narodzenia, np. szopki krakowskie.<\/span><\/p>\n<p><span style=\"color: #000000;\">&nbsp;&nbsp;&nbsp;&nbsp;&nbsp;&nbsp;&nbsp;&nbsp;&nbsp;&nbsp;&nbsp; Po teoretycznej cz\u0119\u015bci spotkania przyszed\u0142 czas na zaj\u0119cia praktyczne, podczas kt\u00f3rych&nbsp; wykonali\u015bmy ,,Bo\u017conarodzeniowe Atlasy Etnograficzne\u201d, wykorzystuj\u0105c zdobyt\u0105 wcze\u015bniej wiedz\u0119. Efekty swojej pracy mogli\u015bmy zabra\u0107 do domu. Ta w\u0142asnor\u0119cznie wykonana pami\u0105tka b\u0119dzie dla nas mi\u0142ym wspomnieniem dzisiejszego dnia.<\/span><\/p>\n<p style=\"text-align: right;\"><em>mgr Izabella Jureczko<\/em><\/p>\nngg_shortcode_0_placeholder\n","protected":false},"excerpt":{"rendered":"<p>&nbsp;&nbsp;&nbsp;&nbsp;&nbsp;&nbsp;&nbsp;&nbsp;&nbsp;&nbsp;&nbsp; Zbli\u017ca si\u0119 grudzie\u0144, ale my ju\u017c teraz t\u0119sknimy za wyj\u0105tkow\u0105 atmosfer\u0105 \u015awi\u0105t Bo\u017cego Narodzenia. W oczekiwaniu na ten niezwyk\u0142y czas, 28 listopada uczniowie z [&hellip;]<\/p>\n","protected":false},"author":3,"featured_media":12057,"comment_status":"closed","ping_status":"closed","sticky":false,"template":"","format":"standard","meta":{"ngg_post_thumbnail":0,"footnotes":""},"categories":[4],"tags":[],"class_list":["post-12056","post","type-post","status-publish","format-standard","has-post-thumbnail","hentry","category-aktualnosci"],"_links":{"self":[{"href":"https:\/\/www.sp11.gliwice.pl\/index.php?rest_route=\/wp\/v2\/posts\/12056","targetHints":{"allow":["GET"]}}],"collection":[{"href":"https:\/\/www.sp11.gliwice.pl\/index.php?rest_route=\/wp\/v2\/posts"}],"about":[{"href":"https:\/\/www.sp11.gliwice.pl\/index.php?rest_route=\/wp\/v2\/types\/post"}],"author":[{"embeddable":true,"href":"https:\/\/www.sp11.gliwice.pl\/index.php?rest_route=\/wp\/v2\/users\/3"}],"replies":[{"embeddable":true,"href":"https:\/\/www.sp11.gliwice.pl\/index.php?rest_route=%2Fwp%2Fv2%2Fcomments&post=12056"}],"version-history":[{"count":1,"href":"https:\/\/www.sp11.gliwice.pl\/index.php?rest_route=\/wp\/v2\/posts\/12056\/revisions"}],"predecessor-version":[{"id":12058,"href":"https:\/\/www.sp11.gliwice.pl\/index.php?rest_route=\/wp\/v2\/posts\/12056\/revisions\/12058"}],"wp:featuredmedia":[{"embeddable":true,"href":"https:\/\/www.sp11.gliwice.pl\/index.php?rest_route=\/wp\/v2\/media\/12057"}],"wp:attachment":[{"href":"https:\/\/www.sp11.gliwice.pl\/index.php?rest_route=%2Fwp%2Fv2%2Fmedia&parent=12056"}],"wp:term":[{"taxonomy":"category","embeddable":true,"href":"https:\/\/www.sp11.gliwice.pl\/index.php?rest_route=%2Fwp%2Fv2%2Fcategories&post=12056"},{"taxonomy":"post_tag","embeddable":true,"href":"https:\/\/www.sp11.gliwice.pl\/index.php?rest_route=%2Fwp%2Fv2%2Ftags&post=12056"}],"curies":[{"name":"wp","href":"https:\/\/api.w.org\/{rel}","templated":true}]}}