{"id":12005,"date":"2023-11-27T19:14:09","date_gmt":"2023-11-27T18:14:09","guid":{"rendered":"https:\/\/www.sp11.gliwice.pl\/?p=12005"},"modified":"2023-11-27T19:14:09","modified_gmt":"2023-11-27T18:14:09","slug":"motylki-na-spartakiadzie","status":"publish","type":"post","link":"https:\/\/www.sp11.gliwice.pl\/?p=12005","title":{"rendered":"MOTYLKI  na SPARTAKIADZIE :)"},"content":{"rendered":"<p><span style=\"color: #000000;\">27 listopada 2023 na Hali PreZero Arena Gliwice odby\u0142a si\u0119 <span class=\"x193iq5w xeuugli x13faqbe x1vvkbs x1xmvt09 x1lliihq x1s928wv xhkezso x1gmr53x x1cpjm7i x1fgarty x1943h6x xudqn12 x3x7a5m x6prxxf xvq8zen xo1l8bm xzsf02u x1yc453h\" dir=\"auto\">IX Gliwicka Spartakiada Przedszkolaka organizowana przez SP 28 w Gliwicach.<\/span><\/span><\/p>\n<p><span style=\"color: #000000;\">Wzi\u0119\u0142y w niej udzia\u0142 nasze dzielne MOTYLKI \ud83d\ude42 <\/span><\/p>\n<p><span style=\"color: #000000;\">Gratulujemy! A rodzicom dzi\u0119kujemy za doping i wsparcie \ud83d\ude42<\/span><\/p>\nngg_shortcode_0_placeholder\n","protected":false},"excerpt":{"rendered":"<p>27 listopada 2023 na Hali PreZero Arena Gliwice odby\u0142a si\u0119 IX Gliwicka Spartakiada Przedszkolaka organizowana przez SP 28 w Gliwicach. Wzi\u0119\u0142y w niej udzia\u0142 nasze [&hellip;]<\/p>\n","protected":false},"author":3,"featured_media":12006,"comment_status":"closed","ping_status":"closed","sticky":false,"template":"","format":"standard","meta":{"ngg_post_thumbnail":0,"footnotes":""},"categories":[4],"tags":[],"class_list":["post-12005","post","type-post","status-publish","format-standard","has-post-thumbnail","hentry","category-aktualnosci"],"_links":{"self":[{"href":"https:\/\/www.sp11.gliwice.pl\/index.php?rest_route=\/wp\/v2\/posts\/12005","targetHints":{"allow":["GET"]}}],"collection":[{"href":"https:\/\/www.sp11.gliwice.pl\/index.php?rest_route=\/wp\/v2\/posts"}],"about":[{"href":"https:\/\/www.sp11.gliwice.pl\/index.php?rest_route=\/wp\/v2\/types\/post"}],"author":[{"embeddable":true,"href":"https:\/\/www.sp11.gliwice.pl\/index.php?rest_route=\/wp\/v2\/users\/3"}],"replies":[{"embeddable":true,"href":"https:\/\/www.sp11.gliwice.pl\/index.php?rest_route=%2Fwp%2Fv2%2Fcomments&post=12005"}],"version-history":[{"count":1,"href":"https:\/\/www.sp11.gliwice.pl\/index.php?rest_route=\/wp\/v2\/posts\/12005\/revisions"}],"predecessor-version":[{"id":12007,"href":"https:\/\/www.sp11.gliwice.pl\/index.php?rest_route=\/wp\/v2\/posts\/12005\/revisions\/12007"}],"wp:featuredmedia":[{"embeddable":true,"href":"https:\/\/www.sp11.gliwice.pl\/index.php?rest_route=\/wp\/v2\/media\/12006"}],"wp:attachment":[{"href":"https:\/\/www.sp11.gliwice.pl\/index.php?rest_route=%2Fwp%2Fv2%2Fmedia&parent=12005"}],"wp:term":[{"taxonomy":"category","embeddable":true,"href":"https:\/\/www.sp11.gliwice.pl\/index.php?rest_route=%2Fwp%2Fv2%2Fcategories&post=12005"},{"taxonomy":"post_tag","embeddable":true,"href":"https:\/\/www.sp11.gliwice.pl\/index.php?rest_route=%2Fwp%2Fv2%2Ftags&post=12005"}],"curies":[{"name":"wp","href":"https:\/\/api.w.org\/{rel}","templated":true}]}}