{"id":11997,"date":"2023-11-27T18:59:28","date_gmt":"2023-11-27T17:59:28","guid":{"rendered":"https:\/\/www.sp11.gliwice.pl\/?p=11997"},"modified":"2023-11-28T17:28:40","modified_gmt":"2023-11-28T16:28:40","slug":"pasowanie-na-przedszkolaka-3","status":"publish","type":"post","link":"https:\/\/www.sp11.gliwice.pl\/?p=11997","title":{"rendered":"Pasowanie na PRZEDSZKOLAKA :)"},"content":{"rendered":"<p><span style=\"color: #000000;\">Nadszed\u0142 nareszcie ten bardzo wyczekiwany przez dzieci, ale r\u00f3wnie\u017c ich rodzic\u00f3w, opiekun\u00f3w i nauczycieli dzie\u0144. Dzie\u0144 Pasowania na Przedszkolaka. Trzylatki przekraczaj\u0105c progi przedszkola po raz pierwszy nie mia\u0142y \u0142atwej drogi. Wszystko by\u0142o nowe. Dom zast\u0105pi\u0142o przedszkole, rodzic\u00f3w zast\u0105pili wychowawcy, pojawi\u0142y si\u0119 nowe \u201cdziwne\u201d zasady. Wraz z nimi przysz\u0142y nowe r\u00f3wnie \u201cdziwne\u201d oczekiwania ze strony wychowawc\u00f3w. \u201cKim oni w og\u00f3le s\u0105?\u201d Wszystko by\u0142o nowe. I cho\u0107 dla niekt\u00f3rych \u0142atwiej, a niekt\u00f3rych trudniej by\u0142o przebrn\u0105\u0107 przez pocz\u0105tki nowej rzeczywisto\u015bci, jedno by\u0142o pewne &#8211; ten pocz\u0105tkowy, trudny czas nasi mali nowicjusze musieli przej\u015b\u0107 wszyscy razem.<\/span><\/p>\n<p><span style=\"color: #000000;\">Z czasem wsp\u00f3\u0142praca z wychowawcami zaczyna\u0142a przynosi\u0107 pierwsze owoce. Ustawianie si\u0119 w pary, tworzenie ko\u0142a, zaakceptowanie zasad i regu\u0142 panuj\u0105cych w przedszkolu by\u0142o coraz \u0142atwiejsze. Wszystko powoli stawa\u0142o si\u0119 bardziej przyjazne. Dzieci zacz\u0119\u0142y nawi\u0105zywa\u0107 pierwsze kole\u017ce\u0144skie kontakty, co bardzo mi\u0142o si\u0119 obserwowa\u0142o. Nawi\u0105zali relacje z wychowawcami i opiekunami, kt\u00f3rzy przestali ju\u017c by\u0107 obcymi dla nich lud\u017ami. I tak jak w tradycji \u015bredniowiecznej, kandydat\u00f3w uznanych za gotowych z\u0142o\u017cenia przysi\u0119gi rycerskiej oraz nadania im godno\u015bci rycerza; tak r\u00f3wnie\u017c wychowawcy uznali naszych przedszkolak\u00f3w za gotowych na oficjalne nadanie im tego zaszczytnego mienia.<\/span><\/p>\n<p><span style=\"color: #000000;\">Ceremonia by\u0142a bardzo uroczysta. Mieli\u015bmy zaszczyt go\u015bci\u0107 Pani\u0105 Wicedyrektor oraz rodzic\u00f3w, babcie i dziadk\u00f3w oraz najbli\u017cszych naszych wychowank\u00f3w.<\/span><\/p>\n<p><span style=\"color: #000000;\">Uroczysto\u015b\u0107 rozpocz\u0119\u0142a si\u0119 od ta\u0144ca do piosenki pt. \u201cDw\u00f3m ta\u0144czy\u0107 si\u0119 zachcia\u0142o\u201d. Dzieci ta\u0144czy\u0142y zgodnie z choreografi\u0105 ta\u0144ca u\u0142o\u017con\u0105 do tej piosenki. Nast\u0119pnie za\u015bpiewa\u0142y piosenk\u0119 pt. \u201cJestem zuch\u201d, r\u00f3wnie\u017c z wyuczon\u0105 wcze\u015bniej choreografi\u0105. Po piosence przyszed\u0142 czas na wierszyk \u201cMam trzy lata\u201d. Ka\u017cda kolejna cz\u0119\u015b\u0107 uroczysto\u015bci, czy to poprzez taniec, piosenk\u0119 lub wiersz by\u0142a skuteczn\u0105 pr\u00f3b\u0105 udowodnienia przez dzieci doros\u0142ym, \u017ce s\u0105 ju\u017c gotowe aby pasowa\u0107 ich na przedszkolak\u00f3w.<\/span><\/p>\n<p><span style=\"color: #000000;\">Przyszed\u0142 czas na z\u0142o\u017cenie przysi\u0119gi. Dzieci bardzo sumiennie i z poczuciem powagi wypowiedzia\u0142y s\u0142owa przysi\u0119gi, \u015blubuj\u0105c przed zwierzchnikami, rodzicami oraz go\u015b\u0107mi.<\/span><\/p>\n<p><span style=\"color: #000000;\">Nast\u0119pnie za\u015bpiewa\u0142y piosenk\u0119 \u201cPrzedszkolakom fajnie by\u0107\u201d, pokazuj\u0105c w ten spos\u00f3b jak wielka przemiana dokona\u0142a si\u0119 w nich od momentu kiedy przyszli do przedszkola po raz pierwszy. Ko\u0144cz\u0105c ju\u017c cz\u0119\u015b\u0107 ostatni\u0105 wyst\u0119p\u00f3w chc\u0105c na sam koniec przed ceremonia\u0142em pasowania ukaza\u0107 jak wielki drzemie w nich potencja\u0142 za\u015bpiewa\u0142y w j\u0119zyku chi\u0144skim piosenk\u0119 \u201cLiang Zhi Lao Hu\u201d (Dwa tygryski) wykonuj\u0105c odpowiednio do s\u0142\u00f3w piosenki ruchy zgodnie z przygotowan\u0105 wcze\u015bniej choreografi\u0105.<\/span><\/p>\n<p><span style=\"color: #000000;\">Nadszed\u0142 ju\u017c ten d\u0142ugo oczekiwany moment. Dzieci stoj\u0105c r\u00f3wno w linii jak kandydaci na rycerzy stoj\u0105c na baczno\u015b\u0107 przed swoim zwierzchnikiem, czekali kolejno na wywo\u0142anie ich przez Pani\u0105 Wicedyrektor, aby podej\u015b\u0107 i poprzez na\u0142o\u017cenie na ich rami\u0119 du\u017cego o\u0142\u00f3wka, us\u0142ysze\u0107 s\u0142owa \u201cPasuj\u0119 Ci\u0119 na przedszkolaka\u201d, otrzyma\u0107 dyplom oraz upominek. I tak po oficjalnym uznaniu nowicjuszy za przedszkolak\u00f3w, rodzice mogli pogratulowa\u0107 im i u\u015bciska\u0107 swoje dzieci, ciesz\u0105c si\u0119 razem z nimi z zaszczytu jakiego dost\u0105pili i na jaki przede wszystkim zas\u0142u\u017cyli.<\/span><\/p>\n<p><span style=\"color: #339966;\">Gratulujemy i \u017cyczymy wielu wspania\u0142ych chwil w naszych murach \ud83d\ude42<\/span><\/p>\n<p style=\"text-align: right;\"><em>Dawid Korze\u0144<\/em><\/p>\nngg_shortcode_0_placeholder\n","protected":false},"excerpt":{"rendered":"<p>Nadszed\u0142 nareszcie ten bardzo wyczekiwany przez dzieci, ale r\u00f3wnie\u017c ich rodzic\u00f3w, opiekun\u00f3w i nauczycieli dzie\u0144. Dzie\u0144 Pasowania na Przedszkolaka. Trzylatki przekraczaj\u0105c progi przedszkola po raz [&hellip;]<\/p>\n","protected":false},"author":3,"featured_media":12025,"comment_status":"closed","ping_status":"closed","sticky":false,"template":"","format":"standard","meta":{"ngg_post_thumbnail":0,"footnotes":""},"categories":[4],"tags":[],"class_list":["post-11997","post","type-post","status-publish","format-standard","has-post-thumbnail","hentry","category-aktualnosci"],"_links":{"self":[{"href":"https:\/\/www.sp11.gliwice.pl\/index.php?rest_route=\/wp\/v2\/posts\/11997","targetHints":{"allow":["GET"]}}],"collection":[{"href":"https:\/\/www.sp11.gliwice.pl\/index.php?rest_route=\/wp\/v2\/posts"}],"about":[{"href":"https:\/\/www.sp11.gliwice.pl\/index.php?rest_route=\/wp\/v2\/types\/post"}],"author":[{"embeddable":true,"href":"https:\/\/www.sp11.gliwice.pl\/index.php?rest_route=\/wp\/v2\/users\/3"}],"replies":[{"embeddable":true,"href":"https:\/\/www.sp11.gliwice.pl\/index.php?rest_route=%2Fwp%2Fv2%2Fcomments&post=11997"}],"version-history":[{"count":4,"href":"https:\/\/www.sp11.gliwice.pl\/index.php?rest_route=\/wp\/v2\/posts\/11997\/revisions"}],"predecessor-version":[{"id":12026,"href":"https:\/\/www.sp11.gliwice.pl\/index.php?rest_route=\/wp\/v2\/posts\/11997\/revisions\/12026"}],"wp:featuredmedia":[{"embeddable":true,"href":"https:\/\/www.sp11.gliwice.pl\/index.php?rest_route=\/wp\/v2\/media\/12025"}],"wp:attachment":[{"href":"https:\/\/www.sp11.gliwice.pl\/index.php?rest_route=%2Fwp%2Fv2%2Fmedia&parent=11997"}],"wp:term":[{"taxonomy":"category","embeddable":true,"href":"https:\/\/www.sp11.gliwice.pl\/index.php?rest_route=%2Fwp%2Fv2%2Fcategories&post=11997"},{"taxonomy":"post_tag","embeddable":true,"href":"https:\/\/www.sp11.gliwice.pl\/index.php?rest_route=%2Fwp%2Fv2%2Ftags&post=11997"}],"curies":[{"name":"wp","href":"https:\/\/api.w.org\/{rel}","templated":true}]}}