{"id":11946,"date":"2023-11-26T19:52:30","date_gmt":"2023-11-26T18:52:30","guid":{"rendered":"https:\/\/www.sp11.gliwice.pl\/?p=11946"},"modified":"2023-11-26T20:53:28","modified_gmt":"2023-11-26T19:53:28","slug":"hej-w-gory-w-gory-szkolne-kolo-pttk-w-szczyrku","status":"publish","type":"post","link":"https:\/\/www.sp11.gliwice.pl\/?p=11946","title":{"rendered":"Hej w g\u00f3ry, w g\u00f3ry &#8230; :) Szkolne Ko\u0142o PTTK w Szczyrku :)"},"content":{"rendered":"<p><span style=\"color: #000000;\">Szkolne Ko\u0142o PTTK pod opiek\u0105 Pana Darka Kobylarza wyruszy\u0142o na kolejn\u0105 3 dniow\u0105 wypraw\u0119. Tym razem by\u0142 to Szczyrk \ud83d\ude42 Wycieczka by\u0142a bardzo udana &#8211; w\u0119dr\u00f3wki, spacery, zjazdy z g\u00f3rki, widoki pi\u0119kne, pogoda i humory dopisa\u0142y \ud83d\ude42 A wieczorem andrzejkowe zabawy i wr\u00f3\u017cby. \ud83d\ude42 Wr\u00f3cili\u015bmy na\u0142adowani pozytywn\u0105 energi\u0105 z oczekiwaniem na kolejne wycieczki.<\/span><\/p>\n<p><span style=\"color: #000000;\">Dzi\u0119kujemy Pani Marzenie, Pani Ani i Panu Darkowi za opiek\u0119 \ud83d\ude42<\/span><\/p>\nngg_shortcode_0_placeholder\n","protected":false},"excerpt":{"rendered":"<p>Szkolne Ko\u0142o PTTK pod opiek\u0105 Pana Darka Kobylarza wyruszy\u0142o na kolejn\u0105 3 dniow\u0105 wypraw\u0119. Tym razem by\u0142 to Szczyrk \ud83d\ude42 Wycieczka by\u0142a bardzo udana &#8211; [&hellip;]<\/p>\n","protected":false},"author":3,"featured_media":11947,"comment_status":"closed","ping_status":"closed","sticky":false,"template":"","format":"standard","meta":{"ngg_post_thumbnail":0,"footnotes":""},"categories":[4],"tags":[],"class_list":["post-11946","post","type-post","status-publish","format-standard","has-post-thumbnail","hentry","category-aktualnosci"],"_links":{"self":[{"href":"https:\/\/www.sp11.gliwice.pl\/index.php?rest_route=\/wp\/v2\/posts\/11946","targetHints":{"allow":["GET"]}}],"collection":[{"href":"https:\/\/www.sp11.gliwice.pl\/index.php?rest_route=\/wp\/v2\/posts"}],"about":[{"href":"https:\/\/www.sp11.gliwice.pl\/index.php?rest_route=\/wp\/v2\/types\/post"}],"author":[{"embeddable":true,"href":"https:\/\/www.sp11.gliwice.pl\/index.php?rest_route=\/wp\/v2\/users\/3"}],"replies":[{"embeddable":true,"href":"https:\/\/www.sp11.gliwice.pl\/index.php?rest_route=%2Fwp%2Fv2%2Fcomments&post=11946"}],"version-history":[{"count":3,"href":"https:\/\/www.sp11.gliwice.pl\/index.php?rest_route=\/wp\/v2\/posts\/11946\/revisions"}],"predecessor-version":[{"id":11953,"href":"https:\/\/www.sp11.gliwice.pl\/index.php?rest_route=\/wp\/v2\/posts\/11946\/revisions\/11953"}],"wp:featuredmedia":[{"embeddable":true,"href":"https:\/\/www.sp11.gliwice.pl\/index.php?rest_route=\/wp\/v2\/media\/11947"}],"wp:attachment":[{"href":"https:\/\/www.sp11.gliwice.pl\/index.php?rest_route=%2Fwp%2Fv2%2Fmedia&parent=11946"}],"wp:term":[{"taxonomy":"category","embeddable":true,"href":"https:\/\/www.sp11.gliwice.pl\/index.php?rest_route=%2Fwp%2Fv2%2Fcategories&post=11946"},{"taxonomy":"post_tag","embeddable":true,"href":"https:\/\/www.sp11.gliwice.pl\/index.php?rest_route=%2Fwp%2Fv2%2Ftags&post=11946"}],"curies":[{"name":"wp","href":"https:\/\/api.w.org\/{rel}","templated":true}]}}