{"id":11911,"date":"2023-11-24T21:47:01","date_gmt":"2023-11-24T20:47:01","guid":{"rendered":"https:\/\/www.sp11.gliwice.pl\/?p=11911"},"modified":"2023-11-24T21:47:01","modified_gmt":"2023-11-24T20:47:01","slug":"11911","status":"publish","type":"post","link":"https:\/\/www.sp11.gliwice.pl\/?p=11911","title":{"rendered":""},"content":{"rendered":"<p><span style=\"color: #000000;\">W dniu 24.11.2023 r., po raz kolejny go\u015bcili\u015bmy w naszej szkole funkcjonariusza Wydzia\u0142u Prewencji w Komendzie Miejskiej Policji w Gliwicach. Tym razem m\u0142.asp. &#8211; Pan Mateusz Pi\u00f3rkowski spotka\u0142 si\u0119 z uczniami klas 4a, 5a i 7a, w kt\u00f3rych przeprowadzi\u0142 zaj\u0119cia pt. &#8222;Komunikacja w sieci &#8211; hejt w Internecie&#8221;. Natomiast klasa 6a odby\u0142a pogadank\u0119 na temat &#8222;Odpowiedzialno\u015bci prawnej nieletnich&#8221;. Dzi\u0119kujemy bardzo za dotychczasow\u0105 wsp\u00f3\u0142prac\u0119 i zapraszamy do nas ponownie. \ud83d\ude42<br \/>\n<\/span><\/p>\n<p style=\"text-align: right;\"><em>mgr Joanna Magiera &#8211; pedagog szkolny<\/em><\/p>\nngg_shortcode_0_placeholder\n","protected":false},"excerpt":{"rendered":"<p>W dniu 24.11.2023 r., po raz kolejny go\u015bcili\u015bmy w naszej szkole funkcjonariusza Wydzia\u0142u Prewencji w Komendzie Miejskiej Policji w Gliwicach. Tym razem m\u0142.asp. &#8211; Pan [&hellip;]<\/p>\n","protected":false},"author":3,"featured_media":11912,"comment_status":"closed","ping_status":"closed","sticky":false,"template":"","format":"standard","meta":{"ngg_post_thumbnail":0,"footnotes":""},"categories":[4],"tags":[],"class_list":["post-11911","post","type-post","status-publish","format-standard","has-post-thumbnail","hentry","category-aktualnosci"],"_links":{"self":[{"href":"https:\/\/www.sp11.gliwice.pl\/index.php?rest_route=\/wp\/v2\/posts\/11911","targetHints":{"allow":["GET"]}}],"collection":[{"href":"https:\/\/www.sp11.gliwice.pl\/index.php?rest_route=\/wp\/v2\/posts"}],"about":[{"href":"https:\/\/www.sp11.gliwice.pl\/index.php?rest_route=\/wp\/v2\/types\/post"}],"author":[{"embeddable":true,"href":"https:\/\/www.sp11.gliwice.pl\/index.php?rest_route=\/wp\/v2\/users\/3"}],"replies":[{"embeddable":true,"href":"https:\/\/www.sp11.gliwice.pl\/index.php?rest_route=%2Fwp%2Fv2%2Fcomments&post=11911"}],"version-history":[{"count":1,"href":"https:\/\/www.sp11.gliwice.pl\/index.php?rest_route=\/wp\/v2\/posts\/11911\/revisions"}],"predecessor-version":[{"id":11913,"href":"https:\/\/www.sp11.gliwice.pl\/index.php?rest_route=\/wp\/v2\/posts\/11911\/revisions\/11913"}],"wp:featuredmedia":[{"embeddable":true,"href":"https:\/\/www.sp11.gliwice.pl\/index.php?rest_route=\/wp\/v2\/media\/11912"}],"wp:attachment":[{"href":"https:\/\/www.sp11.gliwice.pl\/index.php?rest_route=%2Fwp%2Fv2%2Fmedia&parent=11911"}],"wp:term":[{"taxonomy":"category","embeddable":true,"href":"https:\/\/www.sp11.gliwice.pl\/index.php?rest_route=%2Fwp%2Fv2%2Fcategories&post=11911"},{"taxonomy":"post_tag","embeddable":true,"href":"https:\/\/www.sp11.gliwice.pl\/index.php?rest_route=%2Fwp%2Fv2%2Ftags&post=11911"}],"curies":[{"name":"wp","href":"https:\/\/api.w.org\/{rel}","templated":true}]}}