{"id":11889,"date":"2023-11-23T14:48:27","date_gmt":"2023-11-23T13:48:27","guid":{"rendered":"https:\/\/www.sp11.gliwice.pl\/?p=11889"},"modified":"2023-11-23T14:48:27","modified_gmt":"2023-11-23T13:48:27","slug":"11889","status":"publish","type":"post","link":"https:\/\/www.sp11.gliwice.pl\/?p=11889","title":{"rendered":""},"content":{"rendered":"<div dir=\"auto\"><span style=\"color: #000000;\">22 listopada 2023 klasa 6 uczestniczy\u0142a w warsztatach \u201eRozmawiajmy o nastroju bez STRESSA&#8221;, zorganizowanych podczas Gliwickich Dni Rozm\u00f3w o zdrowiu psychicznym dzieci i m\u0142odzie\u017cy w PreZero Arenie w Gliwicach.<\/span><\/div>\n<div dir=\"auto\"><span style=\"color: #000000;\">&nbsp;Celem warsztat\u00f3w by\u0142o poznanie samego siebie, nauka o tym, co dzieje si\u0119 z w\u0142asnym organizmem podczas z\u0142o\u015bci, rado\u015bci, smutku czy wstydu. Uczniowie wykonywali prace z wykorzystaniem r\u00f3\u017cnych sensorycznych element\u00f3w.<\/span><\/div>\n<div dir=\"auto\" style=\"text-align: right;\"><em>mgr Alicja Cielesta<\/em><\/div>\n<div dir=\"auto\">ngg_shortcode_0_placeholder<\/div>\n","protected":false},"excerpt":{"rendered":"<p>22 listopada 2023 klasa 6 uczestniczy\u0142a w warsztatach \u201eRozmawiajmy o nastroju bez STRESSA&#8221;, zorganizowanych podczas Gliwickich Dni Rozm\u00f3w o zdrowiu psychicznym dzieci i m\u0142odzie\u017cy w [&hellip;]<\/p>\n","protected":false},"author":3,"featured_media":11890,"comment_status":"closed","ping_status":"closed","sticky":false,"template":"","format":"standard","meta":{"ngg_post_thumbnail":0,"footnotes":""},"categories":[4],"tags":[],"class_list":["post-11889","post","type-post","status-publish","format-standard","has-post-thumbnail","hentry","category-aktualnosci"],"_links":{"self":[{"href":"https:\/\/www.sp11.gliwice.pl\/index.php?rest_route=\/wp\/v2\/posts\/11889","targetHints":{"allow":["GET"]}}],"collection":[{"href":"https:\/\/www.sp11.gliwice.pl\/index.php?rest_route=\/wp\/v2\/posts"}],"about":[{"href":"https:\/\/www.sp11.gliwice.pl\/index.php?rest_route=\/wp\/v2\/types\/post"}],"author":[{"embeddable":true,"href":"https:\/\/www.sp11.gliwice.pl\/index.php?rest_route=\/wp\/v2\/users\/3"}],"replies":[{"embeddable":true,"href":"https:\/\/www.sp11.gliwice.pl\/index.php?rest_route=%2Fwp%2Fv2%2Fcomments&post=11889"}],"version-history":[{"count":1,"href":"https:\/\/www.sp11.gliwice.pl\/index.php?rest_route=\/wp\/v2\/posts\/11889\/revisions"}],"predecessor-version":[{"id":11891,"href":"https:\/\/www.sp11.gliwice.pl\/index.php?rest_route=\/wp\/v2\/posts\/11889\/revisions\/11891"}],"wp:featuredmedia":[{"embeddable":true,"href":"https:\/\/www.sp11.gliwice.pl\/index.php?rest_route=\/wp\/v2\/media\/11890"}],"wp:attachment":[{"href":"https:\/\/www.sp11.gliwice.pl\/index.php?rest_route=%2Fwp%2Fv2%2Fmedia&parent=11889"}],"wp:term":[{"taxonomy":"category","embeddable":true,"href":"https:\/\/www.sp11.gliwice.pl\/index.php?rest_route=%2Fwp%2Fv2%2Fcategories&post=11889"},{"taxonomy":"post_tag","embeddable":true,"href":"https:\/\/www.sp11.gliwice.pl\/index.php?rest_route=%2Fwp%2Fv2%2Ftags&post=11889"}],"curies":[{"name":"wp","href":"https:\/\/api.w.org\/{rel}","templated":true}]}}