{"id":11872,"date":"2023-11-23T14:23:19","date_gmt":"2023-11-23T13:23:19","guid":{"rendered":"https:\/\/www.sp11.gliwice.pl\/?p=11872"},"modified":"2023-11-24T08:59:21","modified_gmt":"2023-11-24T07:59:21","slug":"po-torach-pociag-mknie","status":"publish","type":"post","link":"https:\/\/www.sp11.gliwice.pl\/?p=11872","title":{"rendered":"PO TORACH POCI\u0104G MKNIE&#8230;"},"content":{"rendered":"<p><span style=\"color: #000000;\">Nasi uczniowie wzi\u0119li udzia\u0142 w konkursie &#8222;Po torach poci\u0105g mknie. Praca kolejarza. Transport kolejowy&#8221;<\/span><\/p>\n<p><span style=\"color: #000000;\">Wyr\u00f3\u017cnione prace uczni\u00f3w:<br \/>\n<\/span><\/p>\n<ul>\n<li><span style=\"color: #0000ff;\">Poli Wo\u0142oszyn<\/span><\/li>\n<li><span style=\"color: #0000ff;\">Kai Straszak<\/span><\/li>\n<li><span style=\"color: #0000ff;\">Maksymiliana Brandys<\/span><\/li>\n<li><span style=\"color: #0000ff;\">Alicji Buchty<\/span><\/li>\n<li><span style=\"color: #0000ff;\">Julii Marmol<\/span><\/li>\n<li><span style=\"color: #0000ff;\">Kai Zdeb<\/span><\/li>\n<li><span style=\"color: #0000ff;\">Sary Zdeb<\/span><\/li>\n<li><span style=\"color: #0000ff;\">Magdaleny Urba\u0144czyk<\/span><\/li>\n<li><span style=\"color: #0000ff;\">Oliwii Suszczyk<\/span><\/li>\n<li><span style=\"color: #0000ff;\">Aleksandry Zimnickiej<\/span><\/li>\n<li><span style=\"color: #0000ff;\">Grzegorza Zimnickiego<\/span><\/li>\n<li><span style=\"color: #0000ff;\">Klaudii Klamerus<\/span><\/li>\n<\/ul>\n<p><span style=\"color: #000000;\">zostan\u0105 opublikowane w kalendarzu na rok 2024 wydawanym przez jedn\u0105 z gliwickich firm zwi\u0105zanych z kolej\u0105. \ud83d\ude42<br \/>\nKa\u017cde dziecko otrzyma kalendarz ze swoj\u0105 prac\u0105 \ud83d\ude42<br \/>\n<\/span><\/p>\n<p><span style=\"color: #000000;\">Gratulujemy \ud83d\ude42<\/span><\/p>\n<p style=\"text-align: right;\"><em>mgr Aneta Rybowicz<\/em><\/p>\nngg_shortcode_0_placeholder\n","protected":false},"excerpt":{"rendered":"<p>Nasi uczniowie wzi\u0119li udzia\u0142 w konkursie &#8222;Po torach poci\u0105g mknie. Praca kolejarza. Transport kolejowy&#8221; Wyr\u00f3\u017cnione prace uczni\u00f3w: Poli Wo\u0142oszyn Kai Straszak Maksymiliana Brandys Alicji Buchty [&hellip;]<\/p>\n","protected":false},"author":3,"featured_media":11877,"comment_status":"closed","ping_status":"closed","sticky":false,"template":"","format":"standard","meta":{"ngg_post_thumbnail":0,"footnotes":""},"categories":[4],"tags":[],"class_list":["post-11872","post","type-post","status-publish","format-standard","has-post-thumbnail","hentry","category-aktualnosci"],"_links":{"self":[{"href":"https:\/\/www.sp11.gliwice.pl\/index.php?rest_route=\/wp\/v2\/posts\/11872","targetHints":{"allow":["GET"]}}],"collection":[{"href":"https:\/\/www.sp11.gliwice.pl\/index.php?rest_route=\/wp\/v2\/posts"}],"about":[{"href":"https:\/\/www.sp11.gliwice.pl\/index.php?rest_route=\/wp\/v2\/types\/post"}],"author":[{"embeddable":true,"href":"https:\/\/www.sp11.gliwice.pl\/index.php?rest_route=\/wp\/v2\/users\/3"}],"replies":[{"embeddable":true,"href":"https:\/\/www.sp11.gliwice.pl\/index.php?rest_route=%2Fwp%2Fv2%2Fcomments&post=11872"}],"version-history":[{"count":5,"href":"https:\/\/www.sp11.gliwice.pl\/index.php?rest_route=\/wp\/v2\/posts\/11872\/revisions"}],"predecessor-version":[{"id":11901,"href":"https:\/\/www.sp11.gliwice.pl\/index.php?rest_route=\/wp\/v2\/posts\/11872\/revisions\/11901"}],"wp:featuredmedia":[{"embeddable":true,"href":"https:\/\/www.sp11.gliwice.pl\/index.php?rest_route=\/wp\/v2\/media\/11877"}],"wp:attachment":[{"href":"https:\/\/www.sp11.gliwice.pl\/index.php?rest_route=%2Fwp%2Fv2%2Fmedia&parent=11872"}],"wp:term":[{"taxonomy":"category","embeddable":true,"href":"https:\/\/www.sp11.gliwice.pl\/index.php?rest_route=%2Fwp%2Fv2%2Fcategories&post=11872"},{"taxonomy":"post_tag","embeddable":true,"href":"https:\/\/www.sp11.gliwice.pl\/index.php?rest_route=%2Fwp%2Fv2%2Ftags&post=11872"}],"curies":[{"name":"wp","href":"https:\/\/api.w.org\/{rel}","templated":true}]}}