{"id":11869,"date":"2023-11-21T20:21:24","date_gmt":"2023-11-21T19:21:24","guid":{"rendered":"https:\/\/www.sp11.gliwice.pl\/?p=11869"},"modified":"2023-11-21T20:21:24","modified_gmt":"2023-11-21T19:21:24","slug":"dzien-zyczliwosci","status":"publish","type":"post","link":"https:\/\/www.sp11.gliwice.pl\/?p=11869","title":{"rendered":"Dzie\u0144 \u017byczliwo\u015bci :)"},"content":{"rendered":"<p><span style=\"color: #008000;\">21 listopada obchodzony jest jako \u015awiatowy Dzie\u0144 \u017byczliwo\u015bci i Pozdrowie\u0144. Symbolem tego dnia jest kolor \u017c\u00f3\u0142ty, kt\u00f3ry oznacza dobro\u0107, \u017cyczliwo\u015b\u0107, rado\u015b\u0107 i u\u015bmiech. Przychylne nastawienie do \u015bwiata, u\u015bmiech, mi\u0142e s\u0142owo czy uprzejmy gest potrafi\u0105 wprowadzi\u0107 w dobry nastr\u00f3j oraz sprawi\u0107, \u017ce ludziom wok\u00f3\u0142 lepiej si\u0119 \u017cyje.<\/span><br \/>\n<span style=\"color: #008000;\">Wolontariuszki z klasy 8, Julia Miarecka i Wiktoria W\u00f3jcik, wraz z opiekunkami Szkolnego Ko\u0142a Wolontariatu, zorganizowa\u0142y akcj\u0119, kt\u00f3rej celem by\u0142o przypomnienie my\u015bli, \u017ce:<\/span><br \/>\n<span style=\"color: #008000;\">\u201e\u017byczliwo\u015b\u0107 dodaje skrzyde\u0142 i jest cennym kluczem, kt\u00f3ry otwiera wszystkie drzwi\u201d.<\/span><br \/>\n<span style=\"color: #008000;\">W tym dniu panowa\u0142a pogodna atmosfera, by\u0142 to dzie\u0144 pe\u0142en u\u015bmiechu, rado\u015bci i \u017cyczliwo\u015bci. We wszystkich klasach zosta\u0142 przeprowadzony konkurs na naj\u017cyczliwsz\u0105 osob\u0119 w klasie.<\/span><br \/>\n<span style=\"color: #008000;\">Oto Oni \ud83d\ude0a<\/span><br \/>\n<span style=\"color: #008000;\">Klasa 1a \u2013 Karol Wojdyna<\/span><br \/>\n<span style=\"color: #008000;\">Klasa 2a \u2013 Iga \u0141anica<\/span><br \/>\n<span style=\"color: #008000;\">Klasa 2b \u2013 Julia Jurek<\/span><br \/>\n<span style=\"color: #008000;\">Klasa 3a \u2013 Milena Badziura<\/span><br \/>\n<span style=\"color: #008000;\">Klasa 4a \u2013 Daniel Ma\u0142ek<\/span><br \/>\n<span style=\"color: #008000;\">Klasa 5a \u2013 Rafa\u0142 Mielnik<\/span><br \/>\n<span style=\"color: #008000;\">Klasa 6a \u2013 Zuzanna Pyka<\/span><br \/>\n<span style=\"color: #008000;\">Klasa 7a \u2013 Cassandra Brylok \u2013 Kwieci\u0144ska<\/span><br \/>\n<span style=\"color: #008000;\">Klasa 8a \u2013 Maja \u0141anica<\/span><br \/>\n<span style=\"color: #008000;\">Warto by\u0107 \u017cyczliwym!<\/span><br \/>\n<span style=\"color: #008000;\">Ponadto, nasze wolontariuszki obdarowa\u0142y ca\u0142\u0105 szko\u0142\u0119 karteczkami z pozytywnymi my\u015blami i pozdrowieniami, kt\u00f3re wywo\u0142a\u0142y u\u015bmiech na wielu twarzach\ud83d\ude0a Powsta\u0142a r\u00f3wnie\u017c gazetka, na kt\u00f3rej znalaz\u0142 si\u0119 m.in. kodeks \u017cyczliwo\u015bci. W tym dniu mo\u017cna by\u0142o zrobi\u0107 sobie zdj\u0119cia w zaczarowanej ramce, pe\u0142nej \u017cyczliwo\u015bci i rado\u015bci, wykorzystali\u015bmy do tego sprz\u0119t (lamp\u0119 i aparat fotograficzny) pozyskany w ramach Laboratorium Przysz\u0142o\u015bci. Na szkolnym korytarzu wyros\u0142o Drzewo \u017byczliwo\u015bci, na kt\u00f3rym uczniowie mogli umie\u015bci\u0107 listki z dobrymi s\u0142owami.<\/span><\/p>\n<p><span style=\"color: #008000;\">Pami\u0119tajmy: B\u0105d\u017amy \u017cyczliwi codziennie, nie tylko od \u015bwi\u0119ta!<\/span><\/p>\n<p style=\"text-align: right;\"><em><span style=\"color: #008000;\">Szkolne Ko\u0142o Wolontariatu SP 11 \u201ePomocne Serca\u201d<\/span><\/em><\/p>\n","protected":false},"excerpt":{"rendered":"<p>21 listopada obchodzony jest jako \u015awiatowy Dzie\u0144 \u017byczliwo\u015bci i Pozdrowie\u0144. Symbolem tego dnia jest kolor \u017c\u00f3\u0142ty, kt\u00f3ry oznacza dobro\u0107, \u017cyczliwo\u015b\u0107, rado\u015b\u0107 i u\u015bmiech. Przychylne nastawienie [&hellip;]<\/p>\n","protected":false},"author":3,"featured_media":11870,"comment_status":"closed","ping_status":"closed","sticky":false,"template":"","format":"standard","meta":{"ngg_post_thumbnail":0,"footnotes":""},"categories":[4],"tags":[],"class_list":["post-11869","post","type-post","status-publish","format-standard","has-post-thumbnail","hentry","category-aktualnosci"],"_links":{"self":[{"href":"https:\/\/www.sp11.gliwice.pl\/index.php?rest_route=\/wp\/v2\/posts\/11869","targetHints":{"allow":["GET"]}}],"collection":[{"href":"https:\/\/www.sp11.gliwice.pl\/index.php?rest_route=\/wp\/v2\/posts"}],"about":[{"href":"https:\/\/www.sp11.gliwice.pl\/index.php?rest_route=\/wp\/v2\/types\/post"}],"author":[{"embeddable":true,"href":"https:\/\/www.sp11.gliwice.pl\/index.php?rest_route=\/wp\/v2\/users\/3"}],"replies":[{"embeddable":true,"href":"https:\/\/www.sp11.gliwice.pl\/index.php?rest_route=%2Fwp%2Fv2%2Fcomments&post=11869"}],"version-history":[{"count":1,"href":"https:\/\/www.sp11.gliwice.pl\/index.php?rest_route=\/wp\/v2\/posts\/11869\/revisions"}],"predecessor-version":[{"id":11871,"href":"https:\/\/www.sp11.gliwice.pl\/index.php?rest_route=\/wp\/v2\/posts\/11869\/revisions\/11871"}],"wp:featuredmedia":[{"embeddable":true,"href":"https:\/\/www.sp11.gliwice.pl\/index.php?rest_route=\/wp\/v2\/media\/11870"}],"wp:attachment":[{"href":"https:\/\/www.sp11.gliwice.pl\/index.php?rest_route=%2Fwp%2Fv2%2Fmedia&parent=11869"}],"wp:term":[{"taxonomy":"category","embeddable":true,"href":"https:\/\/www.sp11.gliwice.pl\/index.php?rest_route=%2Fwp%2Fv2%2Fcategories&post=11869"},{"taxonomy":"post_tag","embeddable":true,"href":"https:\/\/www.sp11.gliwice.pl\/index.php?rest_route=%2Fwp%2Fv2%2Ftags&post=11869"}],"curies":[{"name":"wp","href":"https:\/\/api.w.org\/{rel}","templated":true}]}}