{"id":11818,"date":"2023-11-21T19:35:01","date_gmt":"2023-11-21T18:35:01","guid":{"rendered":"https:\/\/www.sp11.gliwice.pl\/?p=11818"},"modified":"2023-11-21T19:45:41","modified_gmt":"2023-11-21T18:45:41","slug":"staro-izba","status":"publish","type":"post","link":"https:\/\/www.sp11.gliwice.pl\/?p=11818","title":{"rendered":"Star\u014f Izba"},"content":{"rendered":"<p><span style=\"color: #000000;\">Bardzo serdecznie chcemy podzi\u0119kowa\u0107 wszystkim, kt\u00f3rzy przyczynili si\u0119 do wyremontowania w naszej szkole pomieszczenia, w kt\u00f3rym powstanie Star\u014f Izba &#8211; czyli pomieszczenie z pami\u0105tkami z przesz\u0142o\u015bci. \ud83d\ude42<br \/>\n<\/span><\/p>\n<p><span style=\"color: #000000;\">Dzi\u0119kujemy za ogrom w\u0142o\u017conej pracy:<\/span><br \/>\n<span style=\"color: #000000;\">Panu Marcinowi Buchta<br \/>\n<\/span><span style=\"color: #000000;\">Pa\u0144stwu Agnieszce i Armandowi Cholewka<br \/>\n<\/span><span style=\"color: #000000;\">Panu Marcinowi Grabiec<br \/>\n<\/span><span style=\"color: #000000;\">Pani Katarzynie Grodzkiej<\/span><br \/>\n<span style=\"color: #000000;\">Pani Annie Puczy\u0142owskiej<br \/>\n<\/span><span style=\"color: #000000;\">Pa\u0144stwu Joannie i Bart\u0142omiejowi Wojdyna<\/span><br \/>\n<span style=\"color: #000000;\">Pa\u0144stwu Anecie i <\/span><span style=\"color: #000000;\">Piotrowi<\/span><span style=\"color: #000000;\"> W\u00f3jcik<\/span><\/p>\n<p><span style=\"color: #000000;\">i &#8230; Pani Jolancie Lisowskiej &#8211; nauczycielce, kt\u00f3ra z wielk\u0105 pasj\u0105 i zaanga\u017cowaniem przez wiele lat gromadzi\u0142a &#8222;starocie&#8221; &#8211; dba\u0142a o nie i&nbsp; piel\u0119gnowa\u0142a, by przybli\u017ca\u0107 uczniom ich histori\u0119 !!!! \ud83d\ude42 <\/span><\/p>\n<p><span style=\"color: #000000;\">Dla wszystkich Pa\u0144stwa ogromne BRAWA ! \ud83d\ude42<\/span><\/p>\n<p><span style=\"color: #000000;\">Ju\u017c wkr\u00f3tce b\u0119dziemy mogli zaprosi\u0107 Pa\u0144stwa do zwiedzania naszej Izby Tradycji \ud83d\ude42<\/span><\/p>\nngg_shortcode_0_placeholder\n","protected":false},"excerpt":{"rendered":"<p>Bardzo serdecznie chcemy podzi\u0119kowa\u0107 wszystkim, kt\u00f3rzy przyczynili si\u0119 do wyremontowania w naszej szkole pomieszczenia, w kt\u00f3rym powstanie Star\u014f Izba &#8211; czyli pomieszczenie z pami\u0105tkami z [&hellip;]<\/p>\n","protected":false},"author":3,"featured_media":11819,"comment_status":"closed","ping_status":"closed","sticky":false,"template":"","format":"standard","meta":{"ngg_post_thumbnail":0,"footnotes":""},"categories":[4],"tags":[],"class_list":["post-11818","post","type-post","status-publish","format-standard","has-post-thumbnail","hentry","category-aktualnosci"],"_links":{"self":[{"href":"https:\/\/www.sp11.gliwice.pl\/index.php?rest_route=\/wp\/v2\/posts\/11818","targetHints":{"allow":["GET"]}}],"collection":[{"href":"https:\/\/www.sp11.gliwice.pl\/index.php?rest_route=\/wp\/v2\/posts"}],"about":[{"href":"https:\/\/www.sp11.gliwice.pl\/index.php?rest_route=\/wp\/v2\/types\/post"}],"author":[{"embeddable":true,"href":"https:\/\/www.sp11.gliwice.pl\/index.php?rest_route=\/wp\/v2\/users\/3"}],"replies":[{"embeddable":true,"href":"https:\/\/www.sp11.gliwice.pl\/index.php?rest_route=%2Fwp%2Fv2%2Fcomments&post=11818"}],"version-history":[{"count":2,"href":"https:\/\/www.sp11.gliwice.pl\/index.php?rest_route=\/wp\/v2\/posts\/11818\/revisions"}],"predecessor-version":[{"id":11821,"href":"https:\/\/www.sp11.gliwice.pl\/index.php?rest_route=\/wp\/v2\/posts\/11818\/revisions\/11821"}],"wp:featuredmedia":[{"embeddable":true,"href":"https:\/\/www.sp11.gliwice.pl\/index.php?rest_route=\/wp\/v2\/media\/11819"}],"wp:attachment":[{"href":"https:\/\/www.sp11.gliwice.pl\/index.php?rest_route=%2Fwp%2Fv2%2Fmedia&parent=11818"}],"wp:term":[{"taxonomy":"category","embeddable":true,"href":"https:\/\/www.sp11.gliwice.pl\/index.php?rest_route=%2Fwp%2Fv2%2Fcategories&post=11818"},{"taxonomy":"post_tag","embeddable":true,"href":"https:\/\/www.sp11.gliwice.pl\/index.php?rest_route=%2Fwp%2Fv2%2Ftags&post=11818"}],"curies":[{"name":"wp","href":"https:\/\/api.w.org\/{rel}","templated":true}]}}