{"id":11761,"date":"2023-11-19T21:53:41","date_gmt":"2023-11-19T20:53:41","guid":{"rendered":"https:\/\/www.sp11.gliwice.pl\/?p=11761"},"modified":"2023-11-19T21:53:41","modified_gmt":"2023-11-19T20:53:41","slug":"dzien-tolerancji-i-praw-dziecka-w-przedszkolu","status":"publish","type":"post","link":"https:\/\/www.sp11.gliwice.pl\/?p=11761","title":{"rendered":"DZIE\u0143  TOLERANCJI  I  PRAW  DZIECKA W  PRZEDSZKOLU"},"content":{"rendered":"<p><span style=\"color: #800000;\"><strong><em>\u201eKa\u017cdy z nas du\u017cy czy ma\u0142y<br \/>\n<\/em><\/strong><\/span><span style=\"color: #800000;\"><strong><em>Ma prawo do wsp\u00f3lnej zabawy<br \/>\n<\/em><\/strong><\/span><span style=\"color: #800000;\"><strong><em>Chocia\u017c wielko\u015bci\u0105 si\u0119 r\u00f3\u017cnimy<br \/>\n<\/em><\/strong><\/span><span style=\"color: #800000;\"><strong><em>Tolerowa\u0107 siebie chcemy\u201d<\/em><\/strong><\/span><\/p>\n<p><strong>&nbsp;&nbsp;<\/strong><strong>&nbsp;&nbsp;&nbsp;&nbsp;&nbsp;&nbsp;<span style=\"color: #000000;\">&nbsp; <\/span><\/strong><span style=\"color: #000000;\">16.11.br. w naszym przedszkolu obchodzili\u015bmy ustanowiony przez Zgromadzenie Og\u00f3lne ONZ Mi\u0119dzynarodowy Dzie\u0144 Tolerancji. W ka\u017cdej grupie zosta\u0142y przeprowadzone zaj\u0119cia, kt\u00f3re mia\u0142y na celu kszta\u0142towanie u dzieci prawid\u0142owych postaw spo\u0142ecznych, a w szczeg\u00f3lno\u015bci akceptacji odmienno\u015bci innych, poszanowania cudzej godno\u015bci i uwra\u017cliwienia na uczucia innych.<\/span><\/p>\n<p>&nbsp;<\/p>\n<p style=\"text-align: center;\">&nbsp;&nbsp;&nbsp;&nbsp;&nbsp;&nbsp;&nbsp;&nbsp;&nbsp;&nbsp;&nbsp;&nbsp;&nbsp;&nbsp;&nbsp;&nbsp;&nbsp;&nbsp;&nbsp;&nbsp;&nbsp;&nbsp;&nbsp;&nbsp;&nbsp;&nbsp;&nbsp;&nbsp;&nbsp;&nbsp;&nbsp;&nbsp;&nbsp;&nbsp;&nbsp;&nbsp;&nbsp;&nbsp;&nbsp;&nbsp;&nbsp;&nbsp;&nbsp;&nbsp;<span style=\"color: #003300;\">&nbsp;&nbsp;&nbsp; <strong>\u201eNie ma dzieci \u2013 s\u0105 ludzie\u201d.<br \/>\n<\/strong><strong>&nbsp;&nbsp;&nbsp;&nbsp;&nbsp;&nbsp;&nbsp;&nbsp;&nbsp;&nbsp;&nbsp;&nbsp;&nbsp;&nbsp;&nbsp;&nbsp;&nbsp;&nbsp;&nbsp;&nbsp;&nbsp;&nbsp;&nbsp;&nbsp; Pami\u0119tajmy wi\u0119c, \u017ce ka\u017cde dziecko to Ma\u0142y Cz\u0142owiek,<br \/>\n<\/strong><strong> posiadaj\u0105cy swoje prawa.<\/strong><\/span><\/p>\n<p><span style=\"color: #003300;\">&nbsp;&nbsp;&nbsp;&nbsp;&nbsp;&nbsp;<\/span>&nbsp;&nbsp;&nbsp;&nbsp;&nbsp;&nbsp;&nbsp;&nbsp;<span style=\"color: #000000;\">&nbsp;&nbsp; Celem Og\u00f3lnopolskiego Dnia Praw Dziecka jest u\u015bwiadamianie najm\u0142odszym, \u017ce maj\u0105 swoje prawa i powinni wiedzie\u0107 jak z nich korzysta\u0107, a doros\u0142ym przypominanie,&nbsp; \u017ce nie tylko maj\u0105 te prawa zawsze respektowa\u0107, ale powinni tak\u017ce sta\u0107 na ich stra\u017cy i podejmowa\u0107 dzia\u0142ania wzmacniaj\u0105ce ich ochron\u0119.<\/span><\/p>\n<p><span style=\"color: #000000;\">Dzieciaki maj\u0105 r\u00f3wnie\u017c swoje obowi\u0105zki i o tym&nbsp; doskonale wiedz\u0105, !!!!!<\/span><\/p>\n<p style=\"text-align: right;\"><em>mgr Cecylia Pierz<\/em><em>cha\u0142a<\/em><\/p>\nngg_shortcode_0_placeholder\n","protected":false},"excerpt":{"rendered":"<p>\u201eKa\u017cdy z nas du\u017cy czy ma\u0142y Ma prawo do wsp\u00f3lnej zabawy Chocia\u017c wielko\u015bci\u0105 si\u0119 r\u00f3\u017cnimy Tolerowa\u0107 siebie chcemy\u201d &nbsp;&nbsp;&nbsp;&nbsp;&nbsp;&nbsp;&nbsp;&nbsp;&nbsp; 16.11.br. w naszym przedszkolu obchodzili\u015bmy ustanowiony [&hellip;]<\/p>\n","protected":false},"author":3,"featured_media":11762,"comment_status":"closed","ping_status":"closed","sticky":false,"template":"","format":"standard","meta":{"ngg_post_thumbnail":0,"footnotes":""},"categories":[4],"tags":[],"class_list":["post-11761","post","type-post","status-publish","format-standard","has-post-thumbnail","hentry","category-aktualnosci"],"_links":{"self":[{"href":"https:\/\/www.sp11.gliwice.pl\/index.php?rest_route=\/wp\/v2\/posts\/11761","targetHints":{"allow":["GET"]}}],"collection":[{"href":"https:\/\/www.sp11.gliwice.pl\/index.php?rest_route=\/wp\/v2\/posts"}],"about":[{"href":"https:\/\/www.sp11.gliwice.pl\/index.php?rest_route=\/wp\/v2\/types\/post"}],"author":[{"embeddable":true,"href":"https:\/\/www.sp11.gliwice.pl\/index.php?rest_route=\/wp\/v2\/users\/3"}],"replies":[{"embeddable":true,"href":"https:\/\/www.sp11.gliwice.pl\/index.php?rest_route=%2Fwp%2Fv2%2Fcomments&post=11761"}],"version-history":[{"count":1,"href":"https:\/\/www.sp11.gliwice.pl\/index.php?rest_route=\/wp\/v2\/posts\/11761\/revisions"}],"predecessor-version":[{"id":11763,"href":"https:\/\/www.sp11.gliwice.pl\/index.php?rest_route=\/wp\/v2\/posts\/11761\/revisions\/11763"}],"wp:featuredmedia":[{"embeddable":true,"href":"https:\/\/www.sp11.gliwice.pl\/index.php?rest_route=\/wp\/v2\/media\/11762"}],"wp:attachment":[{"href":"https:\/\/www.sp11.gliwice.pl\/index.php?rest_route=%2Fwp%2Fv2%2Fmedia&parent=11761"}],"wp:term":[{"taxonomy":"category","embeddable":true,"href":"https:\/\/www.sp11.gliwice.pl\/index.php?rest_route=%2Fwp%2Fv2%2Fcategories&post=11761"},{"taxonomy":"post_tag","embeddable":true,"href":"https:\/\/www.sp11.gliwice.pl\/index.php?rest_route=%2Fwp%2Fv2%2Ftags&post=11761"}],"curies":[{"name":"wp","href":"https:\/\/api.w.org\/{rel}","templated":true}]}}