{"id":11747,"date":"2023-11-19T21:44:54","date_gmt":"2023-11-19T20:44:54","guid":{"rendered":"https:\/\/www.sp11.gliwice.pl\/?p=11747"},"modified":"2023-11-19T21:44:54","modified_gmt":"2023-11-19T20:44:54","slug":"szkolne-kolo-pttk-w-olkuszu","status":"publish","type":"post","link":"https:\/\/www.sp11.gliwice.pl\/?p=11747","title":{"rendered":"Szkolne Ko\u0142o PTTK w Olkuszu"},"content":{"rendered":"<p><span style=\"color: #000000;\">W sobot\u0119 18 listopada, uczniowie ze szkolnego Ko\u0142a PTTK pod opiek\u0105 Pana Dariusza Kobylarza pojechali na wycieczk\u0119 turystyczno krajoznawcz\u0105 do Olkusza. <\/span><\/p>\n<p><span style=\"color: #000000;\">Wyjazd mia\u0142 na celu integracj\u0119 z uczniami gliwickich szkolnych oddzia\u0142\u00f3w PTTK, zwiedzanie zabytk\u00f3w Olkusza, podziemia olkuskiego starego miasta, star\u00f3wki i zamku w Rabsztynie. <\/span><\/p>\n<p><span style=\"color: #000000;\">Pomimo ch\u0142odnej aury humory dopisa\u0142y i wyjazd nale\u017cy zaliczy\u0107 do udanych ! Dzi\u0119kujemy \ud83d\ude42<\/span><\/p>\nngg_shortcode_0_placeholder\n","protected":false},"excerpt":{"rendered":"<p>W sobot\u0119 18 listopada, uczniowie ze szkolnego Ko\u0142a PTTK pod opiek\u0105 Pana Dariusza Kobylarza pojechali na wycieczk\u0119 turystyczno krajoznawcz\u0105 do Olkusza. Wyjazd mia\u0142 na celu [&hellip;]<\/p>\n","protected":false},"author":3,"featured_media":11748,"comment_status":"closed","ping_status":"closed","sticky":false,"template":"","format":"standard","meta":{"ngg_post_thumbnail":0,"footnotes":""},"categories":[4],"tags":[],"class_list":["post-11747","post","type-post","status-publish","format-standard","has-post-thumbnail","hentry","category-aktualnosci"],"_links":{"self":[{"href":"https:\/\/www.sp11.gliwice.pl\/index.php?rest_route=\/wp\/v2\/posts\/11747","targetHints":{"allow":["GET"]}}],"collection":[{"href":"https:\/\/www.sp11.gliwice.pl\/index.php?rest_route=\/wp\/v2\/posts"}],"about":[{"href":"https:\/\/www.sp11.gliwice.pl\/index.php?rest_route=\/wp\/v2\/types\/post"}],"author":[{"embeddable":true,"href":"https:\/\/www.sp11.gliwice.pl\/index.php?rest_route=\/wp\/v2\/users\/3"}],"replies":[{"embeddable":true,"href":"https:\/\/www.sp11.gliwice.pl\/index.php?rest_route=%2Fwp%2Fv2%2Fcomments&post=11747"}],"version-history":[{"count":1,"href":"https:\/\/www.sp11.gliwice.pl\/index.php?rest_route=\/wp\/v2\/posts\/11747\/revisions"}],"predecessor-version":[{"id":11749,"href":"https:\/\/www.sp11.gliwice.pl\/index.php?rest_route=\/wp\/v2\/posts\/11747\/revisions\/11749"}],"wp:featuredmedia":[{"embeddable":true,"href":"https:\/\/www.sp11.gliwice.pl\/index.php?rest_route=\/wp\/v2\/media\/11748"}],"wp:attachment":[{"href":"https:\/\/www.sp11.gliwice.pl\/index.php?rest_route=%2Fwp%2Fv2%2Fmedia&parent=11747"}],"wp:term":[{"taxonomy":"category","embeddable":true,"href":"https:\/\/www.sp11.gliwice.pl\/index.php?rest_route=%2Fwp%2Fv2%2Fcategories&post=11747"},{"taxonomy":"post_tag","embeddable":true,"href":"https:\/\/www.sp11.gliwice.pl\/index.php?rest_route=%2Fwp%2Fv2%2Ftags&post=11747"}],"curies":[{"name":"wp","href":"https:\/\/api.w.org\/{rel}","templated":true}]}}