{"id":11714,"date":"2023-11-19T21:22:53","date_gmt":"2023-11-19T20:22:53","guid":{"rendered":"https:\/\/www.sp11.gliwice.pl\/?p=11714"},"modified":"2023-11-19T21:22:53","modified_gmt":"2023-11-19T20:22:53","slug":"11714","status":"publish","type":"post","link":"https:\/\/www.sp11.gliwice.pl\/?p=11714","title":{"rendered":""},"content":{"rendered":"<p><span style=\"color: #000000;\">W dniu 17.11.2023 r. uczniowie klasy 7a i 8a odbyli spotkania z doradcami zawodowymi z Powiatowego Urz\u0119du Pracy w Gliwicach. Na zaj\u0119ciach, prowadzonych przez p.Juli\u0119 Sztyk i p. Monik\u0119 Bohr, uczniowie klasy 7a zg\u0142\u0119biali tematyk\u0119 \u015bwiata zawod\u00f3w, zw\u0142aszcza zawod\u00f3w przysz\u0142o\u015bci, a uczniowie klasy 8a omawiali tre\u015bci zwi\u0105zane z karier\u0105 zawodow\u0105 oraz osobistym wp\u0142ywem na jej rozw\u00f3j. Bardzo serdecznie dzi\u0119kujemy za wsp\u00f3\u0142prac\u0119.<\/span><\/p>\n<p style=\"text-align: right;\"><em>mgr Joanna Magiera &#8211; doradca zawodowy<\/em><\/p>\nngg_shortcode_0_placeholder\n","protected":false},"excerpt":{"rendered":"<p>W dniu 17.11.2023 r. uczniowie klasy 7a i 8a odbyli spotkania z doradcami zawodowymi z Powiatowego Urz\u0119du Pracy w Gliwicach. Na zaj\u0119ciach, prowadzonych przez p.Juli\u0119 [&hellip;]<\/p>\n","protected":false},"author":3,"featured_media":11715,"comment_status":"closed","ping_status":"closed","sticky":false,"template":"","format":"standard","meta":{"ngg_post_thumbnail":0,"footnotes":""},"categories":[4],"tags":[],"class_list":["post-11714","post","type-post","status-publish","format-standard","has-post-thumbnail","hentry","category-aktualnosci"],"_links":{"self":[{"href":"https:\/\/www.sp11.gliwice.pl\/index.php?rest_route=\/wp\/v2\/posts\/11714","targetHints":{"allow":["GET"]}}],"collection":[{"href":"https:\/\/www.sp11.gliwice.pl\/index.php?rest_route=\/wp\/v2\/posts"}],"about":[{"href":"https:\/\/www.sp11.gliwice.pl\/index.php?rest_route=\/wp\/v2\/types\/post"}],"author":[{"embeddable":true,"href":"https:\/\/www.sp11.gliwice.pl\/index.php?rest_route=\/wp\/v2\/users\/3"}],"replies":[{"embeddable":true,"href":"https:\/\/www.sp11.gliwice.pl\/index.php?rest_route=%2Fwp%2Fv2%2Fcomments&post=11714"}],"version-history":[{"count":1,"href":"https:\/\/www.sp11.gliwice.pl\/index.php?rest_route=\/wp\/v2\/posts\/11714\/revisions"}],"predecessor-version":[{"id":11716,"href":"https:\/\/www.sp11.gliwice.pl\/index.php?rest_route=\/wp\/v2\/posts\/11714\/revisions\/11716"}],"wp:featuredmedia":[{"embeddable":true,"href":"https:\/\/www.sp11.gliwice.pl\/index.php?rest_route=\/wp\/v2\/media\/11715"}],"wp:attachment":[{"href":"https:\/\/www.sp11.gliwice.pl\/index.php?rest_route=%2Fwp%2Fv2%2Fmedia&parent=11714"}],"wp:term":[{"taxonomy":"category","embeddable":true,"href":"https:\/\/www.sp11.gliwice.pl\/index.php?rest_route=%2Fwp%2Fv2%2Fcategories&post=11714"},{"taxonomy":"post_tag","embeddable":true,"href":"https:\/\/www.sp11.gliwice.pl\/index.php?rest_route=%2Fwp%2Fv2%2Ftags&post=11714"}],"curies":[{"name":"wp","href":"https:\/\/api.w.org\/{rel}","templated":true}]}}