{"id":11698,"date":"2023-11-17T11:50:29","date_gmt":"2023-11-17T10:50:29","guid":{"rendered":"https:\/\/www.sp11.gliwice.pl\/?p=11698"},"modified":"2023-11-19T20:15:42","modified_gmt":"2023-11-19T19:15:42","slug":"11698","status":"publish","type":"post","link":"https:\/\/www.sp11.gliwice.pl\/?p=11698","title":{"rendered":""},"content":{"rendered":"<p><span style=\"color: #000000;\">W dniu 16.11.2023 r. specjalistki Poradni Psychologiczno-Pedagogicznej &#8211; p.Joanna Troll i p. Wioletta Paczuska przeprowadzi\u0142y zaj\u0119cia dla rodzic\u00f3w dzieci przedszkolnych i wczesnoszkolnych, pt. &#8222;Ustalanie zasad i granic w wychowaniu&#8221;. Pedagodzy, w swoich wyst\u0105pieniach odnie\u015bli si\u0119 zar\u00f3wno do teorii, jak i praktyki wychowawczej, tak istotnej w codziennym budowaniu prawid\u0142owych relacji z dzie\u0107mi. Na spotkaniu zosta\u0142 r\u00f3wnie\u017c przybli\u017cony temat zaburze\u0144 integracji sensorycznej. Bardzo dzi\u0119kujemy Pani Dyrektor Poradni Psychologiczno-Pedagogicznej w Gliwicach za pomoc i wsp\u00f3\u0142prac\u0119. \ud83d\ude42<br \/>\n<\/span><\/p>\n<p style=\"text-align: right;\"><em>mgr Joanna Magiera &#8211; pedagog szkolny<\/em><\/p>\n<p style=\"text-align: right;\"><em>mgr Agnieszka Zwoli\u0144ska &#8211; pedagog specjalny<\/em><\/p>\nngg_shortcode_0_placeholder\n","protected":false},"excerpt":{"rendered":"<p>W dniu 16.11.2023 r. specjalistki Poradni Psychologiczno-Pedagogicznej &#8211; p.Joanna Troll i p. Wioletta Paczuska przeprowadzi\u0142y zaj\u0119cia dla rodzic\u00f3w dzieci przedszkolnych i wczesnoszkolnych, pt. &#8222;Ustalanie zasad [&hellip;]<\/p>\n","protected":false},"author":3,"featured_media":11699,"comment_status":"closed","ping_status":"closed","sticky":false,"template":"","format":"standard","meta":{"ngg_post_thumbnail":0,"footnotes":""},"categories":[4],"tags":[],"class_list":["post-11698","post","type-post","status-publish","format-standard","has-post-thumbnail","hentry","category-aktualnosci"],"_links":{"self":[{"href":"https:\/\/www.sp11.gliwice.pl\/index.php?rest_route=\/wp\/v2\/posts\/11698","targetHints":{"allow":["GET"]}}],"collection":[{"href":"https:\/\/www.sp11.gliwice.pl\/index.php?rest_route=\/wp\/v2\/posts"}],"about":[{"href":"https:\/\/www.sp11.gliwice.pl\/index.php?rest_route=\/wp\/v2\/types\/post"}],"author":[{"embeddable":true,"href":"https:\/\/www.sp11.gliwice.pl\/index.php?rest_route=\/wp\/v2\/users\/3"}],"replies":[{"embeddable":true,"href":"https:\/\/www.sp11.gliwice.pl\/index.php?rest_route=%2Fwp%2Fv2%2Fcomments&post=11698"}],"version-history":[{"count":3,"href":"https:\/\/www.sp11.gliwice.pl\/index.php?rest_route=\/wp\/v2\/posts\/11698\/revisions"}],"predecessor-version":[{"id":11703,"href":"https:\/\/www.sp11.gliwice.pl\/index.php?rest_route=\/wp\/v2\/posts\/11698\/revisions\/11703"}],"wp:featuredmedia":[{"embeddable":true,"href":"https:\/\/www.sp11.gliwice.pl\/index.php?rest_route=\/wp\/v2\/media\/11699"}],"wp:attachment":[{"href":"https:\/\/www.sp11.gliwice.pl\/index.php?rest_route=%2Fwp%2Fv2%2Fmedia&parent=11698"}],"wp:term":[{"taxonomy":"category","embeddable":true,"href":"https:\/\/www.sp11.gliwice.pl\/index.php?rest_route=%2Fwp%2Fv2%2Fcategories&post=11698"},{"taxonomy":"post_tag","embeddable":true,"href":"https:\/\/www.sp11.gliwice.pl\/index.php?rest_route=%2Fwp%2Fv2%2Ftags&post=11698"}],"curies":[{"name":"wp","href":"https:\/\/api.w.org\/{rel}","templated":true}]}}