{"id":11630,"date":"2023-11-14T12:07:07","date_gmt":"2023-11-14T11:07:07","guid":{"rendered":"https:\/\/www.sp11.gliwice.pl\/?p=11630"},"modified":"2023-11-14T12:24:13","modified_gmt":"2023-11-14T11:24:13","slug":"11630","status":"publish","type":"post","link":"https:\/\/www.sp11.gliwice.pl\/?p=11630","title":{"rendered":""},"content":{"rendered":"<h4><strong><span style=\"color: #800000;\">Serdecznie zapraszamy Rodzic\u00f3w&nbsp; \ud83d\ude42 <\/span><\/strong><\/h4>\n<div class=\"\" dir=\"auto\">\n<div id=\":rko:\" class=\"x1iorvi4 x1pi30zi x1l90r2v x1swvt13\" data-ad-comet-preview=\"message\" data-ad-preview=\"message\">\n<div class=\"x78zum5 xdt5ytf xz62fqu x16ldp7u\">\n<div class=\"xu06os2 x1ok221b\">\n<div class=\"xdj266r x11i5rnm xat24cr x1mh8g0r x1vvkbs x126k92a\">\n<div dir=\"auto\">Po ubieg\u0142orocznych ustaleniach i na pro\u015bb\u0119 <a class=\"x1i10hfl xjbqb8w x6umtig x1b1mbwd xaqea5y xav7gou x9f619 x1ypdohk xt0psk2 xe8uvvx xdj266r x11i5rnm xat24cr x1mh8g0r xexx8yu x4uap5 x18d9i69 xkhd6sd x16tdsg8 x1hl2dhg xggy1nq x1a2a7pz xt0b8zv x1qq9wsj xo1l8bm\" tabindex=\"0\" role=\"link\" href=\"https:\/\/www.facebook.com\/profile.php?id=100085289779702&amp;__cft__[0]=AZUH79Q6zGg25H69YNwgtaesWLy1i6Up2PNslZavlQp0L7RWf3-2dXM4sslUoQW34zKgYnKqF284Rw_2o36zuK8dXjdxR7Hpc6vI6RLE8q2FET4z-H4JAwrImDloOgN4zg6i3ddOaxu8VgUv2CJ9m2_WPb0d_pc2mivkg3MostX8rzj8TXaMvMk5P9_3e_Gu5NY&amp;__tn__=-]K-R\"><span class=\"xt0psk2\">Rada Rodzic\u00f3w SP 11 im. Hugona Ko\u0142\u0142\u0105taja w Gliwicach<\/span><\/a> mo\u017cemy zaprosi\u0107 Rodzic\u00f3w uczni\u00f3w klas 1-3 i przedszkolak\u00f3w z naszej szko\u0142y na spotkanie w murach SP11 <span class=\"x3nfvp2 x1j61x8r x1fcty0u xdj266r xhhsvwb xat24cr xgzva0m xxymvpz xlup9mm x1kky2od\"><img decoding=\"async\" class=\"xz74otr\" src=\"https:\/\/static.xx.fbcdn.net\/images\/emoji.php\/v9\/t4c\/1\/16\/1f642.png\" alt=\"\ud83d\ude42\" width=\"16\" height=\"16\"><\/span><\/div>\n<div dir=\"auto\">Warto skorzysta\u0107. Szkolenie odb\u0119dzie si\u0119 w zale\u017cno\u015bci od liczby uczestnik\u00f3w na sali gimnastycznej lub w klasie lekcyjnej.<\/div>\n<\/div>\n<\/div>\n<\/div>\n<\/div>\n<\/div>\nngg_shortcode_0_placeholder\n","protected":false},"excerpt":{"rendered":"<p>Serdecznie zapraszamy Rodzic\u00f3w&nbsp; \ud83d\ude42 Po ubieg\u0142orocznych ustaleniach i na pro\u015bb\u0119 Rada Rodzic\u00f3w SP 11 im. Hugona Ko\u0142\u0142\u0105taja w Gliwicach mo\u017cemy zaprosi\u0107 Rodzic\u00f3w uczni\u00f3w klas 1-3 [&hellip;]<\/p>\n","protected":false},"author":3,"featured_media":11631,"comment_status":"closed","ping_status":"closed","sticky":false,"template":"","format":"standard","meta":{"ngg_post_thumbnail":0,"footnotes":""},"categories":[4],"tags":[],"class_list":["post-11630","post","type-post","status-publish","format-standard","has-post-thumbnail","hentry","category-aktualnosci"],"_links":{"self":[{"href":"https:\/\/www.sp11.gliwice.pl\/index.php?rest_route=\/wp\/v2\/posts\/11630","targetHints":{"allow":["GET"]}}],"collection":[{"href":"https:\/\/www.sp11.gliwice.pl\/index.php?rest_route=\/wp\/v2\/posts"}],"about":[{"href":"https:\/\/www.sp11.gliwice.pl\/index.php?rest_route=\/wp\/v2\/types\/post"}],"author":[{"embeddable":true,"href":"https:\/\/www.sp11.gliwice.pl\/index.php?rest_route=\/wp\/v2\/users\/3"}],"replies":[{"embeddable":true,"href":"https:\/\/www.sp11.gliwice.pl\/index.php?rest_route=%2Fwp%2Fv2%2Fcomments&post=11630"}],"version-history":[{"count":3,"href":"https:\/\/www.sp11.gliwice.pl\/index.php?rest_route=\/wp\/v2\/posts\/11630\/revisions"}],"predecessor-version":[{"id":11634,"href":"https:\/\/www.sp11.gliwice.pl\/index.php?rest_route=\/wp\/v2\/posts\/11630\/revisions\/11634"}],"wp:featuredmedia":[{"embeddable":true,"href":"https:\/\/www.sp11.gliwice.pl\/index.php?rest_route=\/wp\/v2\/media\/11631"}],"wp:attachment":[{"href":"https:\/\/www.sp11.gliwice.pl\/index.php?rest_route=%2Fwp%2Fv2%2Fmedia&parent=11630"}],"wp:term":[{"taxonomy":"category","embeddable":true,"href":"https:\/\/www.sp11.gliwice.pl\/index.php?rest_route=%2Fwp%2Fv2%2Fcategories&post=11630"},{"taxonomy":"post_tag","embeddable":true,"href":"https:\/\/www.sp11.gliwice.pl\/index.php?rest_route=%2Fwp%2Fv2%2Ftags&post=11630"}],"curies":[{"name":"wp","href":"https:\/\/api.w.org\/{rel}","templated":true}]}}