{"id":11624,"date":"2023-11-14T11:09:58","date_gmt":"2023-11-14T10:09:58","guid":{"rendered":"https:\/\/www.sp11.gliwice.pl\/?p=11624"},"modified":"2023-11-14T11:09:58","modified_gmt":"2023-11-14T10:09:58","slug":"wizyta-klasy-8-w-obozie-auschwitz-birkenau","status":"publish","type":"post","link":"https:\/\/www.sp11.gliwice.pl\/?p=11624","title":{"rendered":"Wizyta klasy 8 w obozie Auschwitz-Birkenau"},"content":{"rendered":"<p><span style=\"color: #000000;\">&nbsp;&nbsp;&nbsp;&nbsp;&nbsp;&nbsp;&nbsp;&nbsp;&nbsp; 8 listopada 2023 r. klasa VIII odby\u0142a wycieczk\u0119 historyczn\u0105 do miejsca pami\u0119ci i muzeum Auschwitz-Birkenau \u2013 by\u0142ego nazistowskiego obozu koncentracyjnego i zag\u0142ady, utworzonego przez Niemc\u00f3w w po\u0142owie 1940 r. na przedmie\u015bciach O\u015bwi\u0119cimia.<\/span><\/p>\n<p><span style=\"color: #000000;\">&nbsp;&nbsp;&nbsp;&nbsp;&nbsp;&nbsp;&nbsp;&nbsp;&nbsp;&nbsp;&nbsp; Uczniowie, wraz z przewodnikiem i nauczycielami, rozpocz\u0119li w\u0119dr\u00f3wk\u0119, przechodz\u0105c przez tunel, w kt\u00f3rym wyczytywane by\u0142y nazwiska wi\u0119\u017ani\u00f3w, a tak\u017ce przez bram\u0119 z napisem ,,Arbeit Macht Frei\u201d (,,Praca czyni wolnym\u201d), kt\u00f3ry jest jednym z symboli obozu, wykonanym przez wi\u0119\u017ani\u00f3w pod kierownictwem Jana Liwacza (numer obozowy 1010).<\/span><\/p>\n<p><span style=\"color: #000000;\">&nbsp;&nbsp;&nbsp;&nbsp;&nbsp;&nbsp;&nbsp;&nbsp;&nbsp;&nbsp;&nbsp; Jak wiadomo, zwiedzania Auschwitz-Birkenau nie mo\u017cna zaliczy\u0107 do przyjemnych do\u015bwiadcze\u0144. Ka\u017cdy z nas, na sw\u00f3j spos\u00f3b, prze\u017cywa\u0142 ogrom cierpienia, o kt\u00f3rym tam us\u0142ysza\u0142. Widok kom\u00f3r gazowych, barak\u00f3w z drewnianymi pryczami, przejmuj\u0105ce wystawy r\u00f3\u017cnych przedmiot\u00f3w nale\u017c\u0105cych do wi\u0119\u017ani\u00f3w czy historie o doktorze Josefie Mengele wywo\u0142a\u0142y smutek i refleksj\u0119. Na my\u015bl przysz\u0142o nam motto zbioru opowiada\u0144 Zofii Na\u0142kowskiej ,,Ludzie ludziom zgotowali ten los\u201d.<\/span><\/p>\n<p><span style=\"color: #000000;\">&nbsp;&nbsp;&nbsp;&nbsp;&nbsp;&nbsp;&nbsp;&nbsp;&nbsp;&nbsp;&nbsp; Uczniowie, pe\u0142ni zadumy, opuszczaj\u0105c ob\u00f3z wpisany na List\u0119 \u015awiatowego Dziedzictwa UNESCO, udali si\u0119 do Wadowic, aby zwiedzi\u0107 Muzeum Dom Rodzinny Ojca \u015awi\u0119tego Jana Paw\u0142a II. Dla poprawy nastroju, tu\u017c przed powrotem do Gliwic, wszyscy posilili si\u0119 pysznymi krem\u00f3wkami papieskimi.<\/span><\/p>\n<p style=\"text-align: right;\"><em>Julia Miarecka &#8211; kl. VIII<\/em><\/p>\nngg_shortcode_0_placeholder\n","protected":false},"excerpt":{"rendered":"<p>&nbsp;&nbsp;&nbsp;&nbsp;&nbsp;&nbsp;&nbsp;&nbsp;&nbsp; 8 listopada 2023 r. klasa VIII odby\u0142a wycieczk\u0119 historyczn\u0105 do miejsca pami\u0119ci i muzeum Auschwitz-Birkenau \u2013 by\u0142ego nazistowskiego obozu koncentracyjnego i zag\u0142ady, utworzonego przez [&hellip;]<\/p>\n","protected":false},"author":3,"featured_media":11626,"comment_status":"closed","ping_status":"closed","sticky":false,"template":"","format":"standard","meta":{"ngg_post_thumbnail":0,"footnotes":""},"categories":[4],"tags":[],"class_list":["post-11624","post","type-post","status-publish","format-standard","has-post-thumbnail","hentry","category-aktualnosci"],"_links":{"self":[{"href":"https:\/\/www.sp11.gliwice.pl\/index.php?rest_route=\/wp\/v2\/posts\/11624","targetHints":{"allow":["GET"]}}],"collection":[{"href":"https:\/\/www.sp11.gliwice.pl\/index.php?rest_route=\/wp\/v2\/posts"}],"about":[{"href":"https:\/\/www.sp11.gliwice.pl\/index.php?rest_route=\/wp\/v2\/types\/post"}],"author":[{"embeddable":true,"href":"https:\/\/www.sp11.gliwice.pl\/index.php?rest_route=\/wp\/v2\/users\/3"}],"replies":[{"embeddable":true,"href":"https:\/\/www.sp11.gliwice.pl\/index.php?rest_route=%2Fwp%2Fv2%2Fcomments&post=11624"}],"version-history":[{"count":1,"href":"https:\/\/www.sp11.gliwice.pl\/index.php?rest_route=\/wp\/v2\/posts\/11624\/revisions"}],"predecessor-version":[{"id":11627,"href":"https:\/\/www.sp11.gliwice.pl\/index.php?rest_route=\/wp\/v2\/posts\/11624\/revisions\/11627"}],"wp:featuredmedia":[{"embeddable":true,"href":"https:\/\/www.sp11.gliwice.pl\/index.php?rest_route=\/wp\/v2\/media\/11626"}],"wp:attachment":[{"href":"https:\/\/www.sp11.gliwice.pl\/index.php?rest_route=%2Fwp%2Fv2%2Fmedia&parent=11624"}],"wp:term":[{"taxonomy":"category","embeddable":true,"href":"https:\/\/www.sp11.gliwice.pl\/index.php?rest_route=%2Fwp%2Fv2%2Fcategories&post=11624"},{"taxonomy":"post_tag","embeddable":true,"href":"https:\/\/www.sp11.gliwice.pl\/index.php?rest_route=%2Fwp%2Fv2%2Ftags&post=11624"}],"curies":[{"name":"wp","href":"https:\/\/api.w.org\/{rel}","templated":true}]}}