{"id":11620,"date":"2023-11-14T08:43:51","date_gmt":"2023-11-14T07:43:51","guid":{"rendered":"https:\/\/www.sp11.gliwice.pl\/?p=11620"},"modified":"2023-11-14T08:44:57","modified_gmt":"2023-11-14T07:44:57","slug":"obchody-dnia-niepodleglosci-u-przedszkolakow-2","status":"publish","type":"post","link":"https:\/\/www.sp11.gliwice.pl\/?p=11620","title":{"rendered":"OBCHODY  DNIA  NIEPODLEG\u0141O\u015aCI  U  PRZEDSZKOLAK\u00d3W"},"content":{"rendered":"<p><span style=\"color: #000000;\">Dzie\u0144 11 listopada to jedna z najwa\u017cniejszych dat w historii naszej Ojczyzny.<\/span><\/p>\n<p><span style=\"color: #000000;\">Po wieloletniej niewoli Polska odzyska\u0142a niepodleg\u0142o\u015b\u0107. W przedszkolu od najm\u0142odszych lat uczymy dzieci patriotyzmu, przywi\u0105zania i uto\u017csamiania si\u0119 ze swoj\u0105 Ojczyzn\u0105, ziemi\u0105 rodzinn\u0105 oraz wpajamy szacunek do polskich symboli narodowych.<\/span><\/p>\n<p><span style=\"color: #000000;\">&nbsp;&nbsp;&nbsp;&nbsp; Z okazji kolejnej rocznicy odzyskania wolno\u015bci przez Polsk\u0119, nasze przedszkolaki bra\u0142y czynny udzia\u0142 w zaj\u0119ciach; zapozna\u0142y si\u0119 z genez\u0105 powstania \u015awi\u0119ta ( TK ) , recytowa\u0142y wiersz &#8221; Katechizm polskiego dziecka&#8221; W\u0142adys\u0142awa Be\u0142zy i wykona\u0142y wspania\u0142e prace plastyczne.<\/span><\/p>\n<p><span style=\"color: #000000;\">&nbsp;&nbsp;&nbsp;&nbsp; Ponad to nasze przedszkole uczestniczy\u0142o w Maratonie Nieodleg\u0142o\u015bci i akcji &#8221; Szko\u0142a do hymnu&#8221; &#8211; na obejrzenie relacji zapraszamy <a href=\"https:\/\/www.sp11.gliwice.pl\/?p=11560\" target=\"_blank\" rel=\"noopener\">na stron\u0119 internetow\u0105 Szko\u0142y.<\/a><\/span><\/p>\n<p><span style=\"color: #000000;\">&nbsp;&nbsp; Na zako\u0144czenie uroczystego dnia, przedszkolaki dosta\u0142y pami\u0105tkowe dyplomiki.<\/span><\/p>\n<p style=\"text-align: right;\"><em>mgr Cecylia Pierzcha\u0142a<\/em><\/p>\nngg_shortcode_0_placeholder\n","protected":false},"excerpt":{"rendered":"<p>Dzie\u0144 11 listopada to jedna z najwa\u017cniejszych dat w historii naszej Ojczyzny. Po wieloletniej niewoli Polska odzyska\u0142a niepodleg\u0142o\u015b\u0107. W przedszkolu od najm\u0142odszych lat uczymy dzieci [&hellip;]<\/p>\n","protected":false},"author":3,"featured_media":11621,"comment_status":"closed","ping_status":"closed","sticky":false,"template":"","format":"standard","meta":{"ngg_post_thumbnail":0,"footnotes":""},"categories":[4],"tags":[],"class_list":["post-11620","post","type-post","status-publish","format-standard","has-post-thumbnail","hentry","category-aktualnosci"],"_links":{"self":[{"href":"https:\/\/www.sp11.gliwice.pl\/index.php?rest_route=\/wp\/v2\/posts\/11620","targetHints":{"allow":["GET"]}}],"collection":[{"href":"https:\/\/www.sp11.gliwice.pl\/index.php?rest_route=\/wp\/v2\/posts"}],"about":[{"href":"https:\/\/www.sp11.gliwice.pl\/index.php?rest_route=\/wp\/v2\/types\/post"}],"author":[{"embeddable":true,"href":"https:\/\/www.sp11.gliwice.pl\/index.php?rest_route=\/wp\/v2\/users\/3"}],"replies":[{"embeddable":true,"href":"https:\/\/www.sp11.gliwice.pl\/index.php?rest_route=%2Fwp%2Fv2%2Fcomments&post=11620"}],"version-history":[{"count":2,"href":"https:\/\/www.sp11.gliwice.pl\/index.php?rest_route=\/wp\/v2\/posts\/11620\/revisions"}],"predecessor-version":[{"id":11623,"href":"https:\/\/www.sp11.gliwice.pl\/index.php?rest_route=\/wp\/v2\/posts\/11620\/revisions\/11623"}],"wp:featuredmedia":[{"embeddable":true,"href":"https:\/\/www.sp11.gliwice.pl\/index.php?rest_route=\/wp\/v2\/media\/11621"}],"wp:attachment":[{"href":"https:\/\/www.sp11.gliwice.pl\/index.php?rest_route=%2Fwp%2Fv2%2Fmedia&parent=11620"}],"wp:term":[{"taxonomy":"category","embeddable":true,"href":"https:\/\/www.sp11.gliwice.pl\/index.php?rest_route=%2Fwp%2Fv2%2Fcategories&post=11620"},{"taxonomy":"post_tag","embeddable":true,"href":"https:\/\/www.sp11.gliwice.pl\/index.php?rest_route=%2Fwp%2Fv2%2Ftags&post=11620"}],"curies":[{"name":"wp","href":"https:\/\/api.w.org\/{rel}","templated":true}]}}