{"id":11560,"date":"2023-11-13T12:55:12","date_gmt":"2023-11-13T11:55:12","guid":{"rendered":"https:\/\/www.sp11.gliwice.pl\/?p=11560"},"modified":"2023-11-13T12:55:12","modified_gmt":"2023-11-13T11:55:12","slug":"maraton-dla-niepodleglej","status":"publish","type":"post","link":"https:\/\/www.sp11.gliwice.pl\/?p=11560","title":{"rendered":"Maraton dla Niepodleg\u0142ej &#8230;"},"content":{"rendered":"<p><span style=\"color: #000000;\">13 listopada 2023 r. pod balonem w Marco Football Center podobnie jak w roku ubieg\u0142ym biegali\u015bmy Maraton z okazji \u015awi\u0119ta Niepodleg\u0142o\u015bci. <\/span><br \/>\n<span style=\"color: #000000;\">Najpierw biega\u0142y przedszkolaki, p\u00f3\u017aniej klasy 1-3.<\/span><br \/>\n<span style=\"color: #000000;\">Na samym ko\u0144cu maraton przebiegli wolontariusze \u2013 mistrzowie Gliwic w unihokeju. \ud83d\ude42<\/span><\/p>\n<p><span style=\"color: #000000;\">Bardzo dzi\u0119kujemy Marco Football Center za udost\u0119pnienie obiektu. Dzi\u0119kujemy tak\u017ce przedstawicielom Rady Dzielnicy Ligota Zabrska i Rady Rodzic\u00f3w Sp11 za wsp\u00f3lne bieganie z dzie\u0107mi. Brawo Marcin Grabiec i Marcin. Buchta. Dzi\u0119kujemy tak\u017ce Honorowemu starterowi bieg\u00f3w Panu Januszowi Adamowi Siejko&nbsp; \ud83d\ude42<\/span><\/p>\n<p><span style=\"color: #000000;\">W ramach akcji \u201eSzko\u0142a do Hymnu\u201d przed ka\u017cdym biegiem zosta\u0142 od\u015bpiewany Mazurek D\u0105browskiego.<\/span><\/p>\nngg_shortcode_0_placeholder\n","protected":false},"excerpt":{"rendered":"<p>13 listopada 2023 r. pod balonem w Marco Football Center podobnie jak w roku ubieg\u0142ym biegali\u015bmy Maraton z okazji \u015awi\u0119ta Niepodleg\u0142o\u015bci. Najpierw biega\u0142y przedszkolaki, p\u00f3\u017aniej [&hellip;]<\/p>\n","protected":false},"author":3,"featured_media":11561,"comment_status":"closed","ping_status":"closed","sticky":false,"template":"","format":"standard","meta":{"ngg_post_thumbnail":0,"footnotes":""},"categories":[4],"tags":[],"class_list":["post-11560","post","type-post","status-publish","format-standard","has-post-thumbnail","hentry","category-aktualnosci"],"_links":{"self":[{"href":"https:\/\/www.sp11.gliwice.pl\/index.php?rest_route=\/wp\/v2\/posts\/11560","targetHints":{"allow":["GET"]}}],"collection":[{"href":"https:\/\/www.sp11.gliwice.pl\/index.php?rest_route=\/wp\/v2\/posts"}],"about":[{"href":"https:\/\/www.sp11.gliwice.pl\/index.php?rest_route=\/wp\/v2\/types\/post"}],"author":[{"embeddable":true,"href":"https:\/\/www.sp11.gliwice.pl\/index.php?rest_route=\/wp\/v2\/users\/3"}],"replies":[{"embeddable":true,"href":"https:\/\/www.sp11.gliwice.pl\/index.php?rest_route=%2Fwp%2Fv2%2Fcomments&post=11560"}],"version-history":[{"count":1,"href":"https:\/\/www.sp11.gliwice.pl\/index.php?rest_route=\/wp\/v2\/posts\/11560\/revisions"}],"predecessor-version":[{"id":11562,"href":"https:\/\/www.sp11.gliwice.pl\/index.php?rest_route=\/wp\/v2\/posts\/11560\/revisions\/11562"}],"wp:featuredmedia":[{"embeddable":true,"href":"https:\/\/www.sp11.gliwice.pl\/index.php?rest_route=\/wp\/v2\/media\/11561"}],"wp:attachment":[{"href":"https:\/\/www.sp11.gliwice.pl\/index.php?rest_route=%2Fwp%2Fv2%2Fmedia&parent=11560"}],"wp:term":[{"taxonomy":"category","embeddable":true,"href":"https:\/\/www.sp11.gliwice.pl\/index.php?rest_route=%2Fwp%2Fv2%2Fcategories&post=11560"},{"taxonomy":"post_tag","embeddable":true,"href":"https:\/\/www.sp11.gliwice.pl\/index.php?rest_route=%2Fwp%2Fv2%2Ftags&post=11560"}],"curies":[{"name":"wp","href":"https:\/\/api.w.org\/{rel}","templated":true}]}}