{"id":11497,"date":"2023-11-10T22:30:21","date_gmt":"2023-11-10T21:30:21","guid":{"rendered":"https:\/\/www.sp11.gliwice.pl\/?p=11497"},"modified":"2023-11-10T22:30:21","modified_gmt":"2023-11-10T21:30:21","slug":"dzien-jeza","status":"publish","type":"post","link":"https:\/\/www.sp11.gliwice.pl\/?p=11497","title":{"rendered":"DZIE\u0143 JE\u017bA :)"},"content":{"rendered":"<p><span style=\"color: #993300;\">\u201eJe\u017c\u201d \u2013 Iwona Sallach<\/span><\/p>\n<p><span style=\"color: #993300;\">W suchym lesie mieszka je\u017c<\/span><br \/>\n<span style=\"color: #993300;\">chcesz zobaczy\u0107 \u2013 to si\u0119 spiesz!<\/span><br \/>\n<span style=\"color: #993300;\">Pod gromadk\u0105 li\u015bci \u015bpi,<\/span><br \/>\n<span style=\"color: #993300;\">gdy s\u0142oneczko z\u0142ote l\u015bni.<\/span><\/p>\n<p><span style=\"color: #993300;\">Jab\u0142ek nigdy nie zajada<\/span><br \/>\n<span style=\"color: #993300;\">ch\u0119tnie z\u0142apie za\u015b owada.<\/span><br \/>\n<span style=\"color: #993300;\">I poluje tylko noc\u0105<\/span><br \/>\n<span style=\"color: #993300;\">kiedy gwiazdki! Ju\u017c migoc\u0105.<\/span><\/p>\n<p><span style=\"color: #993300;\">Gdy nastaje sroga zima<\/span><br \/>\n<span style=\"color: #993300;\">je\u017cyk drzemk\u0119 rozpoczyna.<\/span><br \/>\n<span style=\"color: #993300;\">Budzi si\u0119 zielon\u0105 wiosn\u0105<\/span><br \/>\n<span style=\"color: #993300;\">kiedy m\u0142ode trawki ros\u0105.<\/span><\/p>\n<p><span style=\"color: #000000;\">10.11- W tym dniu przypada \u015bwi\u0119to mi\u0142ego kolczastego je\u017ca, jest to doskona\u0142a okazja aby bli\u017cej pozna\u0107 zwyczaje tego mi\u0142ego zwierz\u0105tka.<\/span><br \/>\n<span style=\"color: #000000;\">Dzieci z naszego przedszkola obejrza\u0142y film edukacyjny o je\u017cach, wykona\u0142y pi\u0119kne prace plastyczne oraz bawi\u0142y si\u0119 w zabaw\u0119 gdzie g\u0142\u00f3wn\u0105 rol\u0119 odgrywa\u0142 dzisiejszy bohater dnia czyli JE\u017b. \ud83d\ude42<\/span><\/p>\n<p style=\"text-align: right;\"><em>mgr Katarzyna Szyd\u0142o<\/em><\/p>\nngg_shortcode_0_placeholder\n","protected":false},"excerpt":{"rendered":"<p>\u201eJe\u017c\u201d \u2013 Iwona Sallach W suchym lesie mieszka je\u017c chcesz zobaczy\u0107 \u2013 to si\u0119 spiesz! Pod gromadk\u0105 li\u015bci \u015bpi, gdy s\u0142oneczko z\u0142ote l\u015bni. Jab\u0142ek nigdy [&hellip;]<\/p>\n","protected":false},"author":3,"featured_media":11499,"comment_status":"closed","ping_status":"closed","sticky":false,"template":"","format":"standard","meta":{"ngg_post_thumbnail":0,"footnotes":""},"categories":[4],"tags":[],"class_list":["post-11497","post","type-post","status-publish","format-standard","has-post-thumbnail","hentry","category-aktualnosci"],"_links":{"self":[{"href":"https:\/\/www.sp11.gliwice.pl\/index.php?rest_route=\/wp\/v2\/posts\/11497","targetHints":{"allow":["GET"]}}],"collection":[{"href":"https:\/\/www.sp11.gliwice.pl\/index.php?rest_route=\/wp\/v2\/posts"}],"about":[{"href":"https:\/\/www.sp11.gliwice.pl\/index.php?rest_route=\/wp\/v2\/types\/post"}],"author":[{"embeddable":true,"href":"https:\/\/www.sp11.gliwice.pl\/index.php?rest_route=\/wp\/v2\/users\/3"}],"replies":[{"embeddable":true,"href":"https:\/\/www.sp11.gliwice.pl\/index.php?rest_route=%2Fwp%2Fv2%2Fcomments&post=11497"}],"version-history":[{"count":1,"href":"https:\/\/www.sp11.gliwice.pl\/index.php?rest_route=\/wp\/v2\/posts\/11497\/revisions"}],"predecessor-version":[{"id":11500,"href":"https:\/\/www.sp11.gliwice.pl\/index.php?rest_route=\/wp\/v2\/posts\/11497\/revisions\/11500"}],"wp:featuredmedia":[{"embeddable":true,"href":"https:\/\/www.sp11.gliwice.pl\/index.php?rest_route=\/wp\/v2\/media\/11499"}],"wp:attachment":[{"href":"https:\/\/www.sp11.gliwice.pl\/index.php?rest_route=%2Fwp%2Fv2%2Fmedia&parent=11497"}],"wp:term":[{"taxonomy":"category","embeddable":true,"href":"https:\/\/www.sp11.gliwice.pl\/index.php?rest_route=%2Fwp%2Fv2%2Fcategories&post=11497"},{"taxonomy":"post_tag","embeddable":true,"href":"https:\/\/www.sp11.gliwice.pl\/index.php?rest_route=%2Fwp%2Fv2%2Ftags&post=11497"}],"curies":[{"name":"wp","href":"https:\/\/api.w.org\/{rel}","templated":true}]}}