{"id":11429,"date":"2023-11-09T20:59:10","date_gmt":"2023-11-09T19:59:10","guid":{"rendered":"https:\/\/www.sp11.gliwice.pl\/?p=11429"},"modified":"2023-11-09T20:59:10","modified_gmt":"2023-11-09T19:59:10","slug":"dzien-zdrowego-sniadania-w-kl-1-3","status":"publish","type":"post","link":"https:\/\/www.sp11.gliwice.pl\/?p=11429","title":{"rendered":"Dzie\u0144 Zdrowego \u015aniadania w kl.1-3"},"content":{"rendered":"<p><span style=\"color: #000000;\"><strong>Dzie\u0144<\/strong>&nbsp;<strong>Zdrowego<\/strong>&nbsp;<strong>\u015aniadania<\/strong>&nbsp;wywodzi si\u0119 z Europejskiego<strong>&nbsp;Dnia<\/strong>&nbsp;<strong>Zdrowego<\/strong>&nbsp;Jedzenia i Gotowania zainicjowanego w 2007 r.<\/span><\/p>\n<p><span style=\"color: #000000;\">8 listopada uczniowie kl.1-3 uczestniczyli w Og\u00f3lnopolskim Dniu Zdrowego \u015aniadania.<\/span><\/p>\n<p><span style=\"color: #000000;\">Dzieci wsp\u00f3lnie z&nbsp;nauczycielami&nbsp; przygotowywali warto\u015bciowe \u015bniadania, sa\u0142atki , sur\u00f3wki oraz przepyszne soki. Poza tym rozmawia\u0142y nt&nbsp; roli \u015bniadania w \u017cyciu ka\u017cdego dziecka, gdy\u017c z przeprowadzonych bada\u0144 wynika, \u017ce uczniowie, kt\u00f3rzy spo\u017cywaj\u0105 prawid\u0142owo skomponowane \u015bniadanie szybciej pracuj\u0105 na lekcjach, pope\u0142niaj\u0105 mniej b\u0142\u0119d\u00f3w i maj\u0105 wi\u0119cej pomys\u0142\u00f3w!!!<\/span><\/p>\n<p><span style=\"color: #000000;\">Wszystkie dzieci z wielk\u0105 rado\u015bci\u0105 i zaanga\u017cowaniem wzi\u0119\u0142y udzia\u0142 w tym ciekawym dniu.<\/span><\/p>\n<p style=\"text-align: right;\">&nbsp;&nbsp;&nbsp;&nbsp;&nbsp;&nbsp;&nbsp;&nbsp;&nbsp;&nbsp;&nbsp;&nbsp;&nbsp;&nbsp;&nbsp;&nbsp;&nbsp;&nbsp;&nbsp;&nbsp;&nbsp;&nbsp;&nbsp;&nbsp;&nbsp;&nbsp;&nbsp;&nbsp;&nbsp;&nbsp;&nbsp;&nbsp;&nbsp;&nbsp;&nbsp;&nbsp;&nbsp;&nbsp;&nbsp;&nbsp;&nbsp;&nbsp;&nbsp;&nbsp;&nbsp;&nbsp;&nbsp;&nbsp;&nbsp;&nbsp;&nbsp;&nbsp;&nbsp;&nbsp;&nbsp;&nbsp;&nbsp;&nbsp;&nbsp;&nbsp;&nbsp;&nbsp;&nbsp;&nbsp;&nbsp;&nbsp;&nbsp;&nbsp;&nbsp;&nbsp;&nbsp;&nbsp;&nbsp;&nbsp;&nbsp;&nbsp;&nbsp;&nbsp;&nbsp;&nbsp;&nbsp;&nbsp;<em> Wychowawcy kl.1-3<\/em><\/p>\nngg_shortcode_0_placeholder\n","protected":false},"excerpt":{"rendered":"<p>Dzie\u0144&nbsp;Zdrowego&nbsp;\u015aniadania&nbsp;wywodzi si\u0119 z Europejskiego&nbsp;Dnia&nbsp;Zdrowego&nbsp;Jedzenia i Gotowania zainicjowanego w 2007 r. 8 listopada uczniowie kl.1-3 uczestniczyli w Og\u00f3lnopolskim Dniu Zdrowego \u015aniadania. Dzieci wsp\u00f3lnie z&nbsp;nauczycielami&nbsp; przygotowywali warto\u015bciowe [&hellip;]<\/p>\n","protected":false},"author":3,"featured_media":11430,"comment_status":"closed","ping_status":"closed","sticky":false,"template":"","format":"standard","meta":{"ngg_post_thumbnail":0,"footnotes":""},"categories":[4],"tags":[],"class_list":["post-11429","post","type-post","status-publish","format-standard","has-post-thumbnail","hentry","category-aktualnosci"],"_links":{"self":[{"href":"https:\/\/www.sp11.gliwice.pl\/index.php?rest_route=\/wp\/v2\/posts\/11429","targetHints":{"allow":["GET"]}}],"collection":[{"href":"https:\/\/www.sp11.gliwice.pl\/index.php?rest_route=\/wp\/v2\/posts"}],"about":[{"href":"https:\/\/www.sp11.gliwice.pl\/index.php?rest_route=\/wp\/v2\/types\/post"}],"author":[{"embeddable":true,"href":"https:\/\/www.sp11.gliwice.pl\/index.php?rest_route=\/wp\/v2\/users\/3"}],"replies":[{"embeddable":true,"href":"https:\/\/www.sp11.gliwice.pl\/index.php?rest_route=%2Fwp%2Fv2%2Fcomments&post=11429"}],"version-history":[{"count":1,"href":"https:\/\/www.sp11.gliwice.pl\/index.php?rest_route=\/wp\/v2\/posts\/11429\/revisions"}],"predecessor-version":[{"id":11431,"href":"https:\/\/www.sp11.gliwice.pl\/index.php?rest_route=\/wp\/v2\/posts\/11429\/revisions\/11431"}],"wp:featuredmedia":[{"embeddable":true,"href":"https:\/\/www.sp11.gliwice.pl\/index.php?rest_route=\/wp\/v2\/media\/11430"}],"wp:attachment":[{"href":"https:\/\/www.sp11.gliwice.pl\/index.php?rest_route=%2Fwp%2Fv2%2Fmedia&parent=11429"}],"wp:term":[{"taxonomy":"category","embeddable":true,"href":"https:\/\/www.sp11.gliwice.pl\/index.php?rest_route=%2Fwp%2Fv2%2Fcategories&post=11429"},{"taxonomy":"post_tag","embeddable":true,"href":"https:\/\/www.sp11.gliwice.pl\/index.php?rest_route=%2Fwp%2Fv2%2Ftags&post=11429"}],"curies":[{"name":"wp","href":"https:\/\/api.w.org\/{rel}","templated":true}]}}