{"id":11410,"date":"2023-11-09T20:47:16","date_gmt":"2023-11-09T19:47:16","guid":{"rendered":"https:\/\/www.sp11.gliwice.pl\/?p=11410"},"modified":"2023-11-09T20:47:16","modified_gmt":"2023-11-09T19:47:16","slug":"dzien-postaci-z-bajek-2","status":"publish","type":"post","link":"https:\/\/www.sp11.gliwice.pl\/?p=11410","title":{"rendered":"Dzie\u0144 Postaci z Bajek :)"},"content":{"rendered":"<p style=\"text-align: left;\"><span style=\"color: #000000;\">6 listopada obchodzili\u015bmy w przedszkolu jedno z najbardziej wyczekiwanych przez dzieci wydarze\u0144 \u2013 Mi\u0119dzynarodowy Dzie\u0144 Postaci z Bajek. Z tej okazji nasi mali wychowankowie przybyli do przedszkola przebrani w przepi\u0119kne bajkowe stroje. Zaraz po zaprezentowaniu przebra\u0144 dzieci przenios\u0142y si\u0119 do magicznej krainy pe\u0142nej niespodzianek. Nauczyciele przygotowali ciekawe zagadki oraz fragmenty najbardziej znanych ba\u015bni i bajek, aby wsp\u00f3lnie porozmawia\u0107 i przypomnie\u0107 sobie ich tre\u015b\u0107 oraz bohater\u00f3w. Nie zabrak\u0142o tak\u017ce ta\u0144c\u00f3w i zabaw przy muzyce. Ten dzie\u0144 by\u0142 naprawd\u0119 bajeczny !<\/span><\/p>\n<p style=\"text-align: right;\">\n<em>mgr Katarzyna P\u0142onka<\/em><\/p>\nngg_shortcode_0_placeholder\n","protected":false},"excerpt":{"rendered":"<p>6 listopada obchodzili\u015bmy w przedszkolu jedno z najbardziej wyczekiwanych przez dzieci wydarze\u0144 \u2013 Mi\u0119dzynarodowy Dzie\u0144 Postaci z Bajek. Z tej okazji nasi mali wychowankowie przybyli [&hellip;]<\/p>\n","protected":false},"author":3,"featured_media":11411,"comment_status":"closed","ping_status":"closed","sticky":false,"template":"","format":"standard","meta":{"ngg_post_thumbnail":0,"footnotes":""},"categories":[4],"tags":[],"class_list":["post-11410","post","type-post","status-publish","format-standard","has-post-thumbnail","hentry","category-aktualnosci"],"_links":{"self":[{"href":"https:\/\/www.sp11.gliwice.pl\/index.php?rest_route=\/wp\/v2\/posts\/11410","targetHints":{"allow":["GET"]}}],"collection":[{"href":"https:\/\/www.sp11.gliwice.pl\/index.php?rest_route=\/wp\/v2\/posts"}],"about":[{"href":"https:\/\/www.sp11.gliwice.pl\/index.php?rest_route=\/wp\/v2\/types\/post"}],"author":[{"embeddable":true,"href":"https:\/\/www.sp11.gliwice.pl\/index.php?rest_route=\/wp\/v2\/users\/3"}],"replies":[{"embeddable":true,"href":"https:\/\/www.sp11.gliwice.pl\/index.php?rest_route=%2Fwp%2Fv2%2Fcomments&post=11410"}],"version-history":[{"count":1,"href":"https:\/\/www.sp11.gliwice.pl\/index.php?rest_route=\/wp\/v2\/posts\/11410\/revisions"}],"predecessor-version":[{"id":11412,"href":"https:\/\/www.sp11.gliwice.pl\/index.php?rest_route=\/wp\/v2\/posts\/11410\/revisions\/11412"}],"wp:featuredmedia":[{"embeddable":true,"href":"https:\/\/www.sp11.gliwice.pl\/index.php?rest_route=\/wp\/v2\/media\/11411"}],"wp:attachment":[{"href":"https:\/\/www.sp11.gliwice.pl\/index.php?rest_route=%2Fwp%2Fv2%2Fmedia&parent=11410"}],"wp:term":[{"taxonomy":"category","embeddable":true,"href":"https:\/\/www.sp11.gliwice.pl\/index.php?rest_route=%2Fwp%2Fv2%2Fcategories&post=11410"},{"taxonomy":"post_tag","embeddable":true,"href":"https:\/\/www.sp11.gliwice.pl\/index.php?rest_route=%2Fwp%2Fv2%2Ftags&post=11410"}],"curies":[{"name":"wp","href":"https:\/\/api.w.org\/{rel}","templated":true}]}}