{"id":11372,"date":"2023-11-06T18:18:59","date_gmt":"2023-11-06T17:18:59","guid":{"rendered":"https:\/\/www.sp11.gliwice.pl\/?p=11372"},"modified":"2023-11-06T18:18:59","modified_gmt":"2023-11-06T17:18:59","slug":"sukces-uczennicy-iv-klasy","status":"publish","type":"post","link":"https:\/\/www.sp11.gliwice.pl\/?p=11372","title":{"rendered":"SUKCES UCZENNICY IV KLASY :)"},"content":{"rendered":"<p><span style=\"color: #000000;\">Oliwia z 4a zosta\u0142a finalistk\u0105 I etapu IV Wojew\u00f3dzkiego Konkursu Kulinarno-J\u0119zykowego \u201eBackwettbewerb-alle lieben Omas Kuchen\u201d z j\u0119zyka niemieckiego. Szanowna komisja konkursowa ze wzgl\u0119du na bardzo du\u017c\u0105 liczb\u0119 prac, kt\u00f3re wp\u0142yn\u0119\u0142y i ich niesamowicie wysoki poziom, wybra\u0142a 8 finalist\u00f3w z klas I-IV, w\u015br\u00f3d kt\u00f3rych znalaz\u0142a si\u0119 uczennica naszej szko\u0142y. Gratulujemy Oliwii i \u017cyczymy sukcesu w kolejnym etapie!<\/span><\/p>\n<p style=\"text-align: right;\"><em>mgr Ma\u0142gorzata Pawe\u0142ek<\/em><\/p>\nngg_shortcode_0_placeholder\n","protected":false},"excerpt":{"rendered":"<p>Oliwia z 4a zosta\u0142a finalistk\u0105 I etapu IV Wojew\u00f3dzkiego Konkursu Kulinarno-J\u0119zykowego \u201eBackwettbewerb-alle lieben Omas Kuchen\u201d z j\u0119zyka niemieckiego. Szanowna komisja konkursowa ze wzgl\u0119du na bardzo [&hellip;]<\/p>\n","protected":false},"author":3,"featured_media":11373,"comment_status":"closed","ping_status":"closed","sticky":false,"template":"","format":"standard","meta":{"ngg_post_thumbnail":0,"footnotes":""},"categories":[4],"tags":[],"class_list":["post-11372","post","type-post","status-publish","format-standard","has-post-thumbnail","hentry","category-aktualnosci"],"_links":{"self":[{"href":"https:\/\/www.sp11.gliwice.pl\/index.php?rest_route=\/wp\/v2\/posts\/11372","targetHints":{"allow":["GET"]}}],"collection":[{"href":"https:\/\/www.sp11.gliwice.pl\/index.php?rest_route=\/wp\/v2\/posts"}],"about":[{"href":"https:\/\/www.sp11.gliwice.pl\/index.php?rest_route=\/wp\/v2\/types\/post"}],"author":[{"embeddable":true,"href":"https:\/\/www.sp11.gliwice.pl\/index.php?rest_route=\/wp\/v2\/users\/3"}],"replies":[{"embeddable":true,"href":"https:\/\/www.sp11.gliwice.pl\/index.php?rest_route=%2Fwp%2Fv2%2Fcomments&post=11372"}],"version-history":[{"count":1,"href":"https:\/\/www.sp11.gliwice.pl\/index.php?rest_route=\/wp\/v2\/posts\/11372\/revisions"}],"predecessor-version":[{"id":11374,"href":"https:\/\/www.sp11.gliwice.pl\/index.php?rest_route=\/wp\/v2\/posts\/11372\/revisions\/11374"}],"wp:featuredmedia":[{"embeddable":true,"href":"https:\/\/www.sp11.gliwice.pl\/index.php?rest_route=\/wp\/v2\/media\/11373"}],"wp:attachment":[{"href":"https:\/\/www.sp11.gliwice.pl\/index.php?rest_route=%2Fwp%2Fv2%2Fmedia&parent=11372"}],"wp:term":[{"taxonomy":"category","embeddable":true,"href":"https:\/\/www.sp11.gliwice.pl\/index.php?rest_route=%2Fwp%2Fv2%2Fcategories&post=11372"},{"taxonomy":"post_tag","embeddable":true,"href":"https:\/\/www.sp11.gliwice.pl\/index.php?rest_route=%2Fwp%2Fv2%2Ftags&post=11372"}],"curies":[{"name":"wp","href":"https:\/\/api.w.org\/{rel}","templated":true}]}}