{"id":11366,"date":"2023-11-06T17:48:57","date_gmt":"2023-11-06T16:48:57","guid":{"rendered":"https:\/\/www.sp11.gliwice.pl\/?p=11366"},"modified":"2023-11-06T17:48:57","modified_gmt":"2023-11-06T16:48:57","slug":"wielkie-kino-w-sp11","status":"publish","type":"post","link":"https:\/\/www.sp11.gliwice.pl\/?p=11366","title":{"rendered":"Wielkie kino w SP11 :)"},"content":{"rendered":"<p><span style=\"color: #000000;\">Wielkie kino zago\u015bci\u0142o dzisiaj w naszej szkole. Odwiedzi\u0142a nas gliwiczanka, Pani Monika Raj- producentka filmowa m.in filmu ,,Zenek&#8221; oraz ,,Pokolenie IKEA&#8221;. Uczniowie klas 4-6 byli zaskoczeni,\u017ce nie by\u0142o spotkania w Klubie Pi\u0142karza ze sportowcem, ale Pani Monika swoimi \u015bwietnymi opowie\u015bciami ze \u015bwiata polskiego filmu w pe\u0142ni im to zrekompensowa\u0142a \ud83d\udc4dW spotkaniu z uczestniczk\u0105 festiwalu w Cannes, Berlinie i Gdyni wzi\u0119li tak\u017ce udzia\u0142: Pawe\u0142 Ciepli\u0144ski &#8211; dyrektor Centrum Kultury,,Victoria&#8221; oraz Pani Redaktor z Nowin Gliwickich Adrianna Urgacz-Ku\u017aniak.<\/span><\/p>\n<p style=\"text-align: right;\"><em>dyrektor Wojciech Kijewski<\/em><\/p>\nngg_shortcode_0_placeholder\n","protected":false},"excerpt":{"rendered":"<p>Wielkie kino zago\u015bci\u0142o dzisiaj w naszej szkole. Odwiedzi\u0142a nas gliwiczanka, Pani Monika Raj- producentka filmowa m.in filmu ,,Zenek&#8221; oraz ,,Pokolenie IKEA&#8221;. Uczniowie klas 4-6 byli [&hellip;]<\/p>\n","protected":false},"author":3,"featured_media":11367,"comment_status":"closed","ping_status":"closed","sticky":false,"template":"","format":"standard","meta":{"ngg_post_thumbnail":0,"footnotes":""},"categories":[4],"tags":[],"class_list":["post-11366","post","type-post","status-publish","format-standard","has-post-thumbnail","hentry","category-aktualnosci"],"_links":{"self":[{"href":"https:\/\/www.sp11.gliwice.pl\/index.php?rest_route=\/wp\/v2\/posts\/11366","targetHints":{"allow":["GET"]}}],"collection":[{"href":"https:\/\/www.sp11.gliwice.pl\/index.php?rest_route=\/wp\/v2\/posts"}],"about":[{"href":"https:\/\/www.sp11.gliwice.pl\/index.php?rest_route=\/wp\/v2\/types\/post"}],"author":[{"embeddable":true,"href":"https:\/\/www.sp11.gliwice.pl\/index.php?rest_route=\/wp\/v2\/users\/3"}],"replies":[{"embeddable":true,"href":"https:\/\/www.sp11.gliwice.pl\/index.php?rest_route=%2Fwp%2Fv2%2Fcomments&post=11366"}],"version-history":[{"count":1,"href":"https:\/\/www.sp11.gliwice.pl\/index.php?rest_route=\/wp\/v2\/posts\/11366\/revisions"}],"predecessor-version":[{"id":11368,"href":"https:\/\/www.sp11.gliwice.pl\/index.php?rest_route=\/wp\/v2\/posts\/11366\/revisions\/11368"}],"wp:featuredmedia":[{"embeddable":true,"href":"https:\/\/www.sp11.gliwice.pl\/index.php?rest_route=\/wp\/v2\/media\/11367"}],"wp:attachment":[{"href":"https:\/\/www.sp11.gliwice.pl\/index.php?rest_route=%2Fwp%2Fv2%2Fmedia&parent=11366"}],"wp:term":[{"taxonomy":"category","embeddable":true,"href":"https:\/\/www.sp11.gliwice.pl\/index.php?rest_route=%2Fwp%2Fv2%2Fcategories&post=11366"},{"taxonomy":"post_tag","embeddable":true,"href":"https:\/\/www.sp11.gliwice.pl\/index.php?rest_route=%2Fwp%2Fv2%2Ftags&post=11366"}],"curies":[{"name":"wp","href":"https:\/\/api.w.org\/{rel}","templated":true}]}}